{"id":480,"date":"2009-05-13T13:44:03","date_gmt":"2009-05-13T11:44:03","guid":{"rendered":"http:\/\/alain.lemaitreandco.fr\/blog\/?p=480"},"modified":"2011-08-04T13:51:36","modified_gmt":"2011-08-04T11:51:36","slug":"de-la-coquille-a-sorges-20e-jour","status":"publish","type":"post","link":"http:\/\/alain.lemaitreandco.fr\/blog\/2009\/05\/13\/de-la-coquille-a-sorges-20e-jour\/","title":{"rendered":"de La Coquille \u00e0 Sorges (20e jour)"},"content":{"rendered":"<p><a href=\"http:\/\/alain.lemaitreandco.fr\/blog\/2009\/05\/13\/de-la-coquille-a-sorges-20e-jour\/p1270001_dxo\/\" rel=\"attachment wp-att-481\"><img loading=\"lazy\" class=\"alignright size-medium wp-image-481\" title=\"P1270001_DxO\" src=\"http:\/\/alain.lemaitreandco.fr\/blog\/wp-content\/uploads\/2009\/05\/P1270001_DxO-300x168.jpg\" alt=\"\" width=\"300\" height=\"168\" srcset=\"http:\/\/alain.lemaitreandco.fr\/blog\/wp-content\/uploads\/2009\/05\/P1270001_DxO-300x168.jpg 300w, http:\/\/alain.lemaitreandco.fr\/blog\/wp-content\/uploads\/2009\/05\/P1270001_DxO-800x450.jpg 800w, http:\/\/alain.lemaitreandco.fr\/blog\/wp-content\/uploads\/2009\/05\/P1270001_DxO.jpg 1511w\" sizes=\"(max-width: 300px) 100vw, 300px\" \/><\/a>Matin\u00e9e quelque peu mouvement\u00e9e ! D\u2019abord je me rends compte en consultant le r\u00e9veil du t\u00e9l\u00e9phone que celui-ci ne fonctionne plus ! Quelle tuile : il y a tout mon carnet d\u2019adresses ! Du coup c\u2019est d\u00e9cid\u00e9 je fais 2 \u00e9tapes en une pour tenter d\u2019arriver pas trop tard \u00e0 P\u00e9rigueux et essayer de r\u00e9soudre ce probl\u00e8me.<\/p>\n<p>Deuxi\u00e8me contrari\u00e9t\u00e9, \u00e0 6 heures un gros orage donne de la voix et il pleut abondamment. Eliane et Daniel se l\u00e8vent une demie heure plus tard pour me faire le petit d\u00e9jeuner et lorsque je pars couvert du poncho \u00e0 7 heures il pleut toujours aussi fort. Cela durera ainsi 2 heures et lorsque qu\u2019enfin la pluie s\u2019arr\u00eate, je me rends compte que j\u2019ai oubli\u00e9 mon chapeau ! Cela me contrarie parce que je deviens distrait : le b\u00e2ton, le chapeau\u2026 il faut que je fasse plus attention et garde toujours mes affaires regroup\u00e9es.<\/p>\n<p>A Thiviers je m\u2019ach\u00e8te un bob de remplacement et poursuis ma route. Mais une heure plus tard une voiture s\u2019arr\u00eate \u00e0 ma hauteur et un homme me dit \u00ab \u00c7a va ? Pas de probl\u00e8me. Quel est votre nom ? \u00bb L\u00e0, je comprends et en m\u00eame temps que mon nom je lui dis \u00ab Vous avez mon chapeau ? \u00bb Ouf\u2026 J\u2019\u00e9tais vraiment tr\u00e8s content. Me voil\u00e0 avec un chapeau de rechange !<\/p>\n<p><a href=\"http:\/\/alain.lemaitreandco.fr\/blog\/2009\/05\/13\/de-la-coquille-a-sorges-20e-jour\/p1270012_dxo\/\" rel=\"attachment wp-att-492\"><img loading=\"lazy\" class=\"alignleft size-medium wp-image-492\" title=\"P1270012_DxO\" src=\"http:\/\/alain.lemaitreandco.fr\/blog\/wp-content\/uploads\/2009\/05\/P1270012_DxO-300x168.jpg\" alt=\"\" width=\"300\" height=\"168\" srcset=\"http:\/\/alain.lemaitreandco.fr\/blog\/wp-content\/uploads\/2009\/05\/P1270012_DxO-300x168.jpg 300w, http:\/\/alain.lemaitreandco.fr\/blog\/wp-content\/uploads\/2009\/05\/P1270012_DxO-800x450.jpg 800w, http:\/\/alain.lemaitreandco.fr\/blog\/wp-content\/uploads\/2009\/05\/P1270012_DxO.jpg 1511w\" sizes=\"(max-width: 300px) 100vw, 300px\" \/><\/a>Arriv\u00e9 \u00e0 Sorges, au refuge, je retrouve mon \u00ab sauveur \u00bb de chapeau. C\u2019est le pr\u00e9sident de l\u2019\u00ab Association Chemin de V\u00e9zelay en P\u00e9rigord \u00bb. Il avait \u00e9t\u00e9 \u00e0 la Coquille pour le d\u00e9part d\u2019Eliane et Daniel dont c&rsquo;\u00e9tait le dernier jour et ceux-ci lui avaient remis le chapeau en lui donnant ma destination. Et voil\u00e0 !<\/p>\n<p>Bonne surprise : Marleen est l\u00e0. Elle a fait une halte chez des amis, puisqu\u2019elle a habit\u00e9 12 ans en Dordogne, et cette halte, plus mon avance, font que nous nous retrouvons de nouveau \u00e0 la m\u00eame \u00e9tape.<\/p>\n<p>Arrive ensuite Michel qui a dormi \u00e0 c\u00f4t\u00e9 de moi hier \u00e0 la Coquille. Arriv\u00e9 tr\u00e8s t\u00f4t \u00e0 Thiviers il a pr\u00e9f\u00e9r\u00e9 continuer jusqu&rsquo;ici.<\/p>\n<p>Viviane, l\u2019hospitali\u00e8re belge, pr\u00e9pare \u00e0 manger et \u00e7a sent bon : il y a de la soupe p\u00e9rigourdine (\u00e0 l\u2019ail) au menu et des endives.<\/p>\n\r\n\t\t<style type='text\/css'>\r\n\t\t\t#gallery-1 {\r\n\t\t\t\tmargin: auto;\r\n\t\t\t}\r\n\t\t\t#gallery-1 .gallery-item {\r\n\t\t\t\tfloat: left;\r\n\t\t\t\tmargin-top: 10px;\r\n\t\t\t\ttext-align: center;\r\n\t\t\t\twidth: 33%;\r\n\t\t\t}\r\n\t\t\t#gallery-1 img {\r\n\t\t\t\tborder: 2px solid #cfcfcf;\r\n\t\t\t}\r\n\t\t\t#gallery-1 .gallery-caption {\r\n\t\t\t\tmargin-left: 0;\r\n\t\t\t}\r\n\t\t<\/style>\r\n\t\t<!-- see gallery_shortcode() in wp-includes\/media.php -->\n\t\t<div id='gallery-1' class='gallery galleryid-480 gallery-columns-3 gallery-size-thumbnail gallery1'><script type=\"text\/javascript\">\r\n\/\/ <![CDATA[\r\n\tjQuery(document).ready(function () {\r\n\t\tjQuery(\".gallery1 a\").attr(\"rel\",\"gallery1\");\t\r\n\t\tjQuery('a[rel=\"gallery1\"]').colorbox({maxWidth:\"95%\", maxHeight:\"95%\",title: function(){ return jQuery(this).children().attr(\"alt\"); }, });\r\n\t});\r\n\/\/ ]]>\r\n<\/script>\n<dl class=\"gallery-item\">\n<dt class=\"gallery-icon\">\r\n<a href=\"http:\/\/alain.lemaitreandco.fr\/blog\/wp-content\/uploads\/2009\/05\/P1270001_DxO-800x450.jpg\" title=\"\" rel=\"gallery1\"><img src=\"http:\/\/alain.lemaitreandco.fr\/blog\/wp-content\/uploads\/2009\/05\/P1270001_DxO-150x150.jpg\" width=\"150\" height=\"150\" alt=\"\" \/><\/a>\r\n<\/dt><\/dl><dl class=\"gallery-item\">\n<dt class=\"gallery-icon\">\r\n<a href=\"http:\/\/alain.lemaitreandco.fr\/blog\/wp-content\/uploads\/2009\/05\/P1270002_DxO-800x450.jpg\" title=\"\" rel=\"gallery1\"><img src=\"http:\/\/alain.lemaitreandco.fr\/blog\/wp-content\/uploads\/2009\/05\/P1270002_DxO-150x150.jpg\" width=\"150\" height=\"150\" alt=\"\" \/><\/a>\r\n<\/dt><\/dl><dl class=\"gallery-item\">\n<dt class=\"gallery-icon\">\r\n<a href=\"http:\/\/alain.lemaitreandco.fr\/blog\/wp-content\/uploads\/2009\/05\/P1270003_DxO-337x600.jpg\" title=\"\" rel=\"gallery1\"><img src=\"http:\/\/alain.lemaitreandco.fr\/blog\/wp-content\/uploads\/2009\/05\/P1270003_DxO-150x150.jpg\" width=\"150\" height=\"150\" alt=\"\" \/><\/a>\r\n<\/dt><\/dl><br style=\"clear: both\" \/><dl class=\"gallery-item\">\n<dt class=\"gallery-icon\">\r\n<a href=\"http:\/\/alain.lemaitreandco.fr\/blog\/wp-content\/uploads\/2009\/05\/P1270004_DxO-800x450.jpg\" title=\"\" rel=\"gallery1\"><img src=\"http:\/\/alain.lemaitreandco.fr\/blog\/wp-content\/uploads\/2009\/05\/P1270004_DxO-150x150.jpg\" width=\"150\" height=\"150\" alt=\"\" \/><\/a>\r\n<\/dt><\/dl><dl class=\"gallery-item\">\n<dt class=\"gallery-icon\">\r\n<a href=\"http:\/\/alain.lemaitreandco.fr\/blog\/wp-content\/uploads\/2009\/05\/P1270005_DxO-337x600.jpg\" title=\"\" rel=\"gallery1\"><img src=\"http:\/\/alain.lemaitreandco.fr\/blog\/wp-content\/uploads\/2009\/05\/P1270005_DxO-150x150.jpg\" width=\"150\" height=\"150\" alt=\"\" \/><\/a>\r\n<\/dt><\/dl><dl class=\"gallery-item\">\n<dt class=\"gallery-icon\">\r\n<a href=\"http:\/\/alain.lemaitreandco.fr\/blog\/wp-content\/uploads\/2009\/05\/P1270006_DxO-337x600.jpg\" title=\"\" rel=\"gallery1\"><img src=\"http:\/\/alain.lemaitreandco.fr\/blog\/wp-content\/uploads\/2009\/05\/P1270006_DxO-150x150.jpg\" width=\"150\" height=\"150\" alt=\"\" \/><\/a>\r\n<\/dt><\/dl><br style=\"clear: both\" \/><dl class=\"gallery-item\">\n<dt class=\"gallery-icon\">\r\n<a href=\"http:\/\/alain.lemaitreandco.fr\/blog\/wp-content\/uploads\/2009\/05\/P1270007_DxO-800x450.jpg\" title=\"\" rel=\"gallery1\"><img src=\"http:\/\/alain.lemaitreandco.fr\/blog\/wp-content\/uploads\/2009\/05\/P1270007_DxO-150x150.jpg\" width=\"150\" height=\"150\" alt=\"\" \/><\/a>\r\n<\/dt><\/dl><dl class=\"gallery-item\">\n<dt class=\"gallery-icon\">\r\n<a href=\"http:\/\/alain.lemaitreandco.fr\/blog\/wp-content\/uploads\/2009\/05\/P1270008_DxO-337x600.jpg\" title=\"\" rel=\"gallery1\"><img src=\"http:\/\/alain.lemaitreandco.fr\/blog\/wp-content\/uploads\/2009\/05\/P1270008_DxO-150x150.jpg\" width=\"150\" height=\"150\" alt=\"\" \/><\/a>\r\n<\/dt><\/dl><dl class=\"gallery-item\">\n<dt class=\"gallery-icon\">\r\n<a href=\"http:\/\/alain.lemaitreandco.fr\/blog\/wp-content\/uploads\/2009\/05\/P1270009_DxO-337x600.jpg\" title=\"\" rel=\"gallery1\"><img src=\"http:\/\/alain.lemaitreandco.fr\/blog\/wp-content\/uploads\/2009\/05\/P1270009_DxO-150x150.jpg\" width=\"150\" height=\"150\" alt=\"\" \/><\/a>\r\n<\/dt><\/dl><br style=\"clear: both\" \/><dl class=\"gallery-item\">\n<dt class=\"gallery-icon\">\r\n<a href=\"http:\/\/alain.lemaitreandco.fr\/blog\/wp-content\/uploads\/2009\/05\/P1270010_DxO-800x450.jpg\" title=\"\" rel=\"gallery1\"><img src=\"http:\/\/alain.lemaitreandco.fr\/blog\/wp-content\/uploads\/2009\/05\/P1270010_DxO-150x150.jpg\" width=\"150\" height=\"150\" alt=\"\" \/><\/a>\r\n<\/dt><\/dl><dl class=\"gallery-item\">\n<dt class=\"gallery-icon\">\r\n<a href=\"http:\/\/alain.lemaitreandco.fr\/blog\/wp-content\/uploads\/2009\/05\/P1270011_DxO-800x450.jpg\" title=\"\" rel=\"gallery1\"><img src=\"http:\/\/alain.lemaitreandco.fr\/blog\/wp-content\/uploads\/2009\/05\/P1270011_DxO-150x150.jpg\" width=\"150\" height=\"150\" alt=\"\" \/><\/a>\r\n<\/dt><\/dl><dl class=\"gallery-item\">\n<dt class=\"gallery-icon\">\r\n<a href=\"http:\/\/alain.lemaitreandco.fr\/blog\/wp-content\/uploads\/2009\/05\/P1270012_DxO-800x450.jpg\" title=\"\" rel=\"gallery1\"><img src=\"http:\/\/alain.lemaitreandco.fr\/blog\/wp-content\/uploads\/2009\/05\/P1270012_DxO-150x150.jpg\" width=\"150\" height=\"150\" alt=\"\" \/><\/a>\r\n<\/dt><\/dl><br style=\"clear: both\" \/><dl class=\"gallery-item\">\n<dt class=\"gallery-icon\">\r\n<a href=\"http:\/\/alain.lemaitreandco.fr\/blog\/wp-content\/uploads\/2009\/05\/P1270013_DxO-800x450.jpg\" title=\"\" rel=\"gallery1\"><img src=\"http:\/\/alain.lemaitreandco.fr\/blog\/wp-content\/uploads\/2009\/05\/P1270013_DxO-150x150.jpg\" width=\"150\" height=\"150\" alt=\"\" \/><\/a>\r\n<\/dt><\/dl><dl class=\"gallery-item\">\n<dt class=\"gallery-icon\">\r\n<a href=\"http:\/\/alain.lemaitreandco.fr\/blog\/wp-content\/uploads\/2009\/05\/P1270014_DxO-800x450.jpg\" title=\"\" rel=\"gallery1\"><img src=\"http:\/\/alain.lemaitreandco.fr\/blog\/wp-content\/uploads\/2009\/05\/P1270014_DxO-150x150.jpg\" width=\"150\" height=\"150\" alt=\"\" \/><\/a>\r\n<\/dt><\/dl>\r\n\t\t\t<br style='clear: both' \/>\r\n\t\t<\/div>\n\n","protected":false},"excerpt":{"rendered":"<p>Matin\u00e9e quelque peu mouvement\u00e9e ! D\u2019abord je me rends compte en consultant le r\u00e9veil du t\u00e9l\u00e9phone que celui-ci ne fonctionne plus ! Quelle tuile : il y a tout mon carnet d\u2019adresses ! Du coup c\u2019est d\u00e9cid\u00e9 je fais 2 &hellip; <a class=\"more-link\" href=\"http:\/\/alain.lemaitreandco.fr\/blog\/2009\/05\/13\/de-la-coquille-a-sorges-20e-jour\/\">Continue reading <span class=\"meta-nav\">&rarr;<\/span><\/a><\/p>\n","protected":false},"author":1,"featured_media":0,"comment_status":"open","ping_status":"open","sticky":false,"template":"","format":"standard","meta":[],"categories":[3],"tags":[9,47,8],"_links":{"self":[{"href":"http:\/\/alain.lemaitreandco.fr\/blog\/wp-json\/wp\/v2\/posts\/480"}],"collection":[{"href":"http:\/\/alain.lemaitreandco.fr\/blog\/wp-json\/wp\/v2\/posts"}],"about":[{"href":"http:\/\/alain.lemaitreandco.fr\/blog\/wp-json\/wp\/v2\/types\/post"}],"author":[{"embeddable":true,"href":"http:\/\/alain.lemaitreandco.fr\/blog\/wp-json\/wp\/v2\/users\/1"}],"replies":[{"embeddable":true,"href":"http:\/\/alain.lemaitreandco.fr\/blog\/wp-json\/wp\/v2\/comments?post=480"}],"version-history":[{"count":1,"href":"http:\/\/alain.lemaitreandco.fr\/blog\/wp-json\/wp\/v2\/posts\/480\/revisions"}],"predecessor-version":[{"id":495,"href":"http:\/\/alain.lemaitreandco.fr\/blog\/wp-json\/wp\/v2\/posts\/480\/revisions\/495"}],"wp:attachment":[{"href":"http:\/\/alain.lemaitreandco.fr\/blog\/wp-json\/wp\/v2\/media?parent=480"}],"wp:term":[{"taxonomy":"category","embeddable":true,"href":"http:\/\/alain.lemaitreandco.fr\/blog\/wp-json\/wp\/v2\/categories?post=480"},{"taxonomy":"post_tag","embeddable":true,"href":"http:\/\/alain.lemaitreandco.fr\/blog\/wp-json\/wp\/v2\/tags?post=480"}],"curies":[{"name":"wp","href":"https:\/\/api.w.org\/{rel}","templated":true}]}}