{"id":2960,"date":"2007-08-20T18:50:38","date_gmt":"2007-08-20T16:50:38","guid":{"rendered":"http:\/\/alain.lemaitreandco.fr\/blog\/?p=2960"},"modified":"2011-08-11T19:03:05","modified_gmt":"2011-08-11T17:03:05","slug":"madere-2007-voyage-et-installation-a-lhotel","status":"publish","type":"post","link":"http:\/\/alain.lemaitreandco.fr\/blog\/2007\/08\/20\/madere-2007-voyage-et-installation-a-lhotel\/","title":{"rendered":"Mad\u00e8re 2007 &#8211; voyage et installation \u00e0 l&rsquo;h\u00f4tel"},"content":{"rendered":"\r\n\t\t<style type='text\/css'>\r\n\t\t\t#gallery-1 {\r\n\t\t\t\tmargin: auto;\r\n\t\t\t}\r\n\t\t\t#gallery-1 .gallery-item {\r\n\t\t\t\tfloat: left;\r\n\t\t\t\tmargin-top: 10px;\r\n\t\t\t\ttext-align: center;\r\n\t\t\t\twidth: 33%;\r\n\t\t\t}\r\n\t\t\t#gallery-1 img {\r\n\t\t\t\tborder: 2px solid #cfcfcf;\r\n\t\t\t}\r\n\t\t\t#gallery-1 .gallery-caption {\r\n\t\t\t\tmargin-left: 0;\r\n\t\t\t}\r\n\t\t<\/style>\r\n\t\t<!-- see gallery_shortcode() in wp-includes\/media.php -->\n\t\t<div id='gallery-1' class='gallery galleryid-2960 gallery-columns-3 gallery-size-thumbnail gallery1'><script type=\"text\/javascript\">\r\n\/\/ <![CDATA[\r\n\tjQuery(document).ready(function () {\r\n\t\tjQuery(\".gallery1 a\").attr(\"rel\",\"gallery1\");\t\r\n\t\tjQuery('a[rel=\"gallery1\"]').colorbox({maxWidth:\"95%\", maxHeight:\"95%\",title: function(){ return jQuery(this).children().attr(\"alt\"); }, });\r\n\t});\r\n\/\/ ]]>\r\n<\/script>\n<dl class=\"gallery-item\">\n<dt class=\"gallery-icon\">\r\n<a href=\"http:\/\/alain.lemaitreandco.fr\/blog\/wp-content\/uploads\/2007\/08\/DSC04362.jpg\" title=\"Nous sommes partis du Luxembourg et avons d&#039;abord survol\u00e9 la France \u00e0 12000 m d&#039;altitude\" rel=\"gallery1\"><img src=\"http:\/\/alain.lemaitreandco.fr\/blog\/wp-content\/uploads\/2007\/08\/DSC04362-150x150.jpg\" width=\"150\" height=\"150\" alt=\"Nous sommes partis du Luxembourg et avons d&#039;abord survol\u00e9 la France \u00e0 12000 m d&#039;altitude\" \/><\/a>\r\n<\/dt><dd class=\"gallery-caption\" id=\"caption2962\"><span class=\"imagecaption\">Nous sommes partis du Luxembourg et avons d'abord survol\u00e9 la France \u00e0 12000 m d'altitude<\/span><br \/>\n<\/dd><\/dl><dl class=\"gallery-item\">\n<dt class=\"gallery-icon\">\r\n<a href=\"http:\/\/alain.lemaitreandco.fr\/blog\/wp-content\/uploads\/2007\/08\/DSC04363.jpg\" title=\"Puis ce fut le tour du Golfe de Gascogne qui para\u00eet plus agit\u00e9\" rel=\"gallery1\"><img src=\"http:\/\/alain.lemaitreandco.fr\/blog\/wp-content\/uploads\/2007\/08\/DSC04363-150x150.jpg\" width=\"150\" height=\"150\" alt=\"Puis ce fut le tour du Golfe de Gascogne qui para\u00eet plus agit\u00e9\" \/><\/a>\r\n<\/dt><dd class=\"gallery-caption\" id=\"caption2963\"><span class=\"imagecaption\">Puis ce fut le tour du Golfe de Gascogne qui para\u00eet plus agit\u00e9<\/span><br \/>\n<\/dd><\/dl><dl class=\"gallery-item\">\n<dt class=\"gallery-icon\">\r\n<a href=\"http:\/\/alain.lemaitreandco.fr\/blog\/wp-content\/uploads\/2007\/08\/DSC04361.jpg\" title=\"Les \u00e9crans du Boing 737 de Luxair nous permettent de suivre la progression de l&#039;avion sur sa route de Luxembourg \u00e0 Funchal, capitale de Mad\u00e8re\" rel=\"gallery1\"><img src=\"http:\/\/alain.lemaitreandco.fr\/blog\/wp-content\/uploads\/2007\/08\/DSC04361-150x150.jpg\" width=\"150\" height=\"150\" alt=\"Les \u00e9crans du Boing 737 de Luxair nous permettent de suivre la progression de l&#039;avion sur sa route de Luxembourg \u00e0 Funchal, capitale de Mad\u00e8re\" \/><\/a>\r\n<\/dt><dd class=\"gallery-caption\" id=\"caption2961\"><span class=\"imagecaption\">Les \u00e9crans du Boing 737 de Luxair nous permettent de suivre la progression de l'avion sur sa route de Luxembourg \u00e0 Funchal, capitale de Mad\u00e8re<\/span><br \/>\n<\/dd><\/dl><br style=\"clear: both\" \/><dl class=\"gallery-item\">\n<dt class=\"gallery-icon\">\r\n<a href=\"http:\/\/alain.lemaitreandco.fr\/blog\/wp-content\/uploads\/2007\/08\/DSC04364.jpg\" title=\"Premier regard sur Mad\u00e8re dont les plus hauts sommets d\u00e9passent les 1800 m\" rel=\"gallery1\"><img src=\"http:\/\/alain.lemaitreandco.fr\/blog\/wp-content\/uploads\/2007\/08\/DSC04364-150x150.jpg\" width=\"150\" height=\"150\" alt=\"Premier regard sur Mad\u00e8re dont les plus hauts sommets d\u00e9passent les 1800 m\" \/><\/a>\r\n<\/dt><dd class=\"gallery-caption\" id=\"caption2964\"><span class=\"imagecaption\">Premier regard sur Mad\u00e8re dont les plus hauts sommets d\u00e9passent les 1800 m<\/span><br \/>\n<\/dd><\/dl><dl class=\"gallery-item\">\n<dt class=\"gallery-icon\">\r\n<a href=\"http:\/\/alain.lemaitreandco.fr\/blog\/wp-content\/uploads\/2007\/08\/DSC04366.jpg\" title=\"Premier contact avec la chambre qui sera la n\u00f4tre pendant cette semaine \u00e0 l&#039;Estalagem Quintinha de S\u00e3o Jo\u00e3o\" rel=\"gallery1\"><img src=\"http:\/\/alain.lemaitreandco.fr\/blog\/wp-content\/uploads\/2007\/08\/DSC04366-150x150.jpg\" width=\"150\" height=\"150\" alt=\"Premier contact avec la chambre qui sera la n\u00f4tre pendant cette semaine \u00e0 l&#039;Estalagem Quintinha de S\u00e3o Jo\u00e3o\" \/><\/a>\r\n<\/dt><dd class=\"gallery-caption\" id=\"caption2965\"><span class=\"imagecaption\">Premier contact avec la chambre qui sera la n\u00f4tre pendant cette semaine \u00e0 l'Estalagem Quintinha de S\u00e3o Jo\u00e3o<\/span><br \/>\n<\/dd><\/dl><dl class=\"gallery-item\">\n<dt class=\"gallery-icon\">\r\n<a href=\"http:\/\/alain.lemaitreandco.fr\/blog\/wp-content\/uploads\/2007\/08\/DSC04367.jpg\" title=\"Deux grands lits bien larges\" rel=\"gallery1\"><img src=\"http:\/\/alain.lemaitreandco.fr\/blog\/wp-content\/uploads\/2007\/08\/DSC04367-150x150.jpg\" width=\"150\" height=\"150\" alt=\"Deux grands lits bien larges\" \/><\/a>\r\n<\/dt><dd class=\"gallery-caption\" id=\"caption2966\"><span class=\"imagecaption\">Deux grands lits bien larges<\/span><br \/>\n<\/dd><\/dl><br style=\"clear: both\" \/><dl class=\"gallery-item\">\n<dt class=\"gallery-icon\">\r\n<a href=\"http:\/\/alain.lemaitreandco.fr\/blog\/wp-content\/uploads\/2007\/08\/DSC04373.jpg\" title=\"La chambre\" rel=\"gallery1\"><img src=\"http:\/\/alain.lemaitreandco.fr\/blog\/wp-content\/uploads\/2007\/08\/DSC04373-150x150.jpg\" width=\"150\" height=\"150\" alt=\"La chambre\" \/><\/a>\r\n<\/dt><dd class=\"gallery-caption\" id=\"caption2969\"><span class=\"imagecaption\">La chambre<\/span><br \/>\n<\/dd><\/dl><dl class=\"gallery-item\">\n<dt class=\"gallery-icon\">\r\n<a href=\"http:\/\/alain.lemaitreandco.fr\/blog\/wp-content\/uploads\/2007\/08\/DSC04374.jpg\" title=\"La salle de bain\" rel=\"gallery1\"><img src=\"http:\/\/alain.lemaitreandco.fr\/blog\/wp-content\/uploads\/2007\/08\/DSC04374-150x150.jpg\" width=\"150\" height=\"150\" alt=\"La salle de bain\" \/><\/a>\r\n<\/dt><dd class=\"gallery-caption\" id=\"caption2970\"><span class=\"imagecaption\">La salle de bain<\/span><br \/>\n<\/dd><\/dl><dl class=\"gallery-item\">\n<dt class=\"gallery-icon\">\r\n<a href=\"http:\/\/alain.lemaitreandco.fr\/blog\/wp-content\/uploads\/2007\/08\/DSC04368.jpg\" title=\"Le balcon\" rel=\"gallery1\"><img src=\"http:\/\/alain.lemaitreandco.fr\/blog\/wp-content\/uploads\/2007\/08\/DSC04368-150x150.jpg\" width=\"150\" height=\"150\" alt=\"Le balcon\" \/><\/a>\r\n<\/dt><dd class=\"gallery-caption\" id=\"caption2967\"><span class=\"imagecaption\">Le balcon<\/span><br \/>\n<\/dd><\/dl><br style=\"clear: both\" \/><dl class=\"gallery-item\">\n<dt class=\"gallery-icon\">\r\n<a href=\"http:\/\/alain.lemaitreandco.fr\/blog\/wp-content\/uploads\/2007\/08\/DSC04371.jpg\" title=\"Du balcon nous pouvons voir ce qui se passe sur la terrasse du bar\" rel=\"gallery1\"><img src=\"http:\/\/alain.lemaitreandco.fr\/blog\/wp-content\/uploads\/2007\/08\/DSC04371-150x150.jpg\" width=\"150\" height=\"150\" alt=\"Du balcon nous pouvons voir ce qui se passe sur la terrasse du bar\" \/><\/a>\r\n<\/dt><dd class=\"gallery-caption\" id=\"caption2968\"><span class=\"imagecaption\">Du balcon nous pouvons voir ce qui se passe sur la terrasse du bar<\/span><br \/>\n<\/dd><\/dl>\r\n\t\t\t<br style='clear: both' \/>\r\n\t\t<\/div>\n\n","protected":false},"excerpt":{"rendered":"","protected":false},"author":1,"featured_media":0,"comment_status":"open","ping_status":"open","sticky":false,"template":"","format":"gallery","meta":[],"categories":[41],"tags":[43,42],"_links":{"self":[{"href":"http:\/\/alain.lemaitreandco.fr\/blog\/wp-json\/wp\/v2\/posts\/2960"}],"collection":[{"href":"http:\/\/alain.lemaitreandco.fr\/blog\/wp-json\/wp\/v2\/posts"}],"about":[{"href":"http:\/\/alain.lemaitreandco.fr\/blog\/wp-json\/wp\/v2\/types\/post"}],"author":[{"embeddable":true,"href":"http:\/\/alain.lemaitreandco.fr\/blog\/wp-json\/wp\/v2\/users\/1"}],"replies":[{"embeddable":true,"href":"http:\/\/alain.lemaitreandco.fr\/blog\/wp-json\/wp\/v2\/comments?post=2960"}],"version-history":[{"count":1,"href":"http:\/\/alain.lemaitreandco.fr\/blog\/wp-json\/wp\/v2\/posts\/2960\/revisions"}],"predecessor-version":[{"id":2971,"href":"http:\/\/alain.lemaitreandco.fr\/blog\/wp-json\/wp\/v2\/posts\/2960\/revisions\/2971"}],"wp:attachment":[{"href":"http:\/\/alain.lemaitreandco.fr\/blog\/wp-json\/wp\/v2\/media?parent=2960"}],"wp:term":[{"taxonomy":"category","embeddable":true,"href":"http:\/\/alain.lemaitreandco.fr\/blog\/wp-json\/wp\/v2\/categories?post=2960"},{"taxonomy":"post_tag","embeddable":true,"href":"http:\/\/alain.lemaitreandco.fr\/blog\/wp-json\/wp\/v2\/tags?post=2960"}],"curies":[{"name":"wp","href":"https:\/\/api.w.org\/{rel}","templated":true}]}}