{"id":235,"date":"2009-05-01T20:20:07","date_gmt":"2009-05-01T18:20:07","guid":{"rendered":"http:\/\/alain.lemaitreandco.fr\/blog\/?p=235"},"modified":"2011-08-11T09:57:21","modified_gmt":"2011-08-11T07:57:21","slug":"de-saint-amand-montrond-a-le-chatelet-8e-jour","status":"publish","type":"post","link":"http:\/\/alain.lemaitreandco.fr\/blog\/2009\/05\/01\/de-saint-amand-montrond-a-le-chatelet-8e-jour\/","title":{"rendered":"de Saint-Amand-Montrond \u00e0 Le Chatelet (8e jour)"},"content":{"rendered":"<p>Je n&rsquo;ai pas pris le chemin du guide officiel mais celui propos\u00e9 pour les v\u00e9los par le guide Lepere. Beaucoup de goudron certes, mais tr\u00e8s peu de circulation et tr\u00e8s beaux paysages.<\/p>\n<p>Petit h\u00f4tel simple et sympa \u00e0 Le Ch\u00e2telet : l&rsquo;H\u00f4tel du Pont Bayard. Comme il est ferm\u00e9 ce soir \u00e0 cause du 1er mai, ils nous fournissent une glaci\u00e8re avec le d\u00eener. Je dis \u00ab nous \u00bb car nous devrions \u00eatre 5 : Jacques et Olga, Marleen, un cycliste encore jamais vu et moi. Pour l\u2019instant je suis le premier.<\/p>\n<p><a href=\"http:\/\/alain.lemaitreandco.fr\/blog\/2009\/05\/01\/de-saint-amand-montrond-a-le-chatelet-8e-jour\/p1150004_dxo\/\" rel=\"attachment wp-att-239\"><img loading=\"lazy\" class=\"alignleft size-medium wp-image-239\" title=\"P1150004_DxO\" src=\"http:\/\/alain.lemaitreandco.fr\/blog\/wp-content\/uploads\/2011\/08\/P1150004_DxO-300x168.jpg\" alt=\"\" width=\"300\" height=\"168\" srcset=\"http:\/\/alain.lemaitreandco.fr\/blog\/wp-content\/uploads\/2011\/08\/P1150004_DxO-300x168.jpg 300w, http:\/\/alain.lemaitreandco.fr\/blog\/wp-content\/uploads\/2011\/08\/P1150004_DxO-800x450.jpg 800w, http:\/\/alain.lemaitreandco.fr\/blog\/wp-content\/uploads\/2011\/08\/P1150004_DxO.jpg 1511w\" sizes=\"(max-width: 300px) 100vw, 300px\" \/><\/a>A l&rsquo;accueil, on me fait remplir un petit questionnaire plus complet que d&rsquo;habitude car je suis invit\u00e9 \u00e0 expliquer les raisons pour lesquelles je fais le p\u00e8lerinage \u00e0 Saint-Jacques. C&rsquo;est l&rsquo;occasion pour moi de repenser aux raisons qui m&rsquo;ont amen\u00e9 ici : un d\u00e9sir tr\u00e8s ancien, comme une sorte d&rsquo;appel auquel j&rsquo;ai aujourd&rsquo;hui le temps n\u00e9cessaire pour r\u00e9pondre ; le besoin de faire le point sur moi-m\u00eame ; r\u00e9fl\u00e9chir \u00e0 ce que je vais faire de cette page blanche qu&rsquo;ouvre le droit \u00e0 la retraite ; surtout, je crois, cette qu\u00eate du visage de Dieu&#8230; Chaque fiche ainsi remplie rejoint un album et est compl\u00e9t\u00e9e par une photo que le patron prend au moment de notre d\u00e9part. Ce dernier semble mordu par le Chemin et par le Berry ; vers 15h sa femme et lui ferment l&rsquo;h\u00f4tel et partent, il est habill\u00e9 en berrichon.<\/p>\n<p>Petit \u00e0 petit, tout le monde arrive, mais chacun s\u2019enferme dans sa chambre, c&rsquo;est dommage. Je me suis install\u00e9 dehors pour d\u00eener et le cycliste allemand m\u2019a rejoint pour examiner ses cartes. Il compte arriver le 28 mai\u2026 pas de doute le v\u00e9lo c\u2019est autre chose, un autre esprit. Je ne suis pas s\u00fbr d\u2019\u00eatre converti \u00e0 la marche \u00e0 pied. Par exemple : demain, nous devons rejoindre La Ch\u00e2tre en 31 km\u2026 \u00e0 v\u00e9lo : 17 km !&#8230; Monsieur l\u2019allemand, tu m\u2019as mis le doute dans l\u2019esprit. A part cela, l\u2019anglais c\u2019est vraiment indispensable !<\/p>\n\r\n\t\t<style type='text\/css'>\r\n\t\t\t#gallery-1 {\r\n\t\t\t\tmargin: auto;\r\n\t\t\t}\r\n\t\t\t#gallery-1 .gallery-item {\r\n\t\t\t\tfloat: left;\r\n\t\t\t\tmargin-top: 10px;\r\n\t\t\t\ttext-align: center;\r\n\t\t\t\twidth: 33%;\r\n\t\t\t}\r\n\t\t\t#gallery-1 img {\r\n\t\t\t\tborder: 2px solid #cfcfcf;\r\n\t\t\t}\r\n\t\t\t#gallery-1 .gallery-caption {\r\n\t\t\t\tmargin-left: 0;\r\n\t\t\t}\r\n\t\t<\/style>\r\n\t\t<!-- see gallery_shortcode() in wp-includes\/media.php -->\n\t\t<div id='gallery-1' class='gallery galleryid-235 gallery-columns-3 gallery-size-thumbnail gallery1'><script type=\"text\/javascript\">\r\n\/\/ <![CDATA[\r\n\tjQuery(document).ready(function () {\r\n\t\tjQuery(\".gallery1 a\").attr(\"rel\",\"gallery1\");\t\r\n\t\tjQuery('a[rel=\"gallery1\"]').colorbox({maxWidth:\"95%\", maxHeight:\"95%\",title: function(){ return jQuery(this).children().attr(\"alt\"); }, });\r\n\t});\r\n\/\/ ]]>\r\n<\/script>\n<dl class=\"gallery-item\">\n<dt class=\"gallery-icon\">\r\n<a href=\"http:\/\/alain.lemaitreandco.fr\/blog\/wp-content\/uploads\/2011\/08\/P1150001_DxO-800x450.jpg\" title=\"\" rel=\"gallery1\"><img src=\"http:\/\/alain.lemaitreandco.fr\/blog\/wp-content\/uploads\/2011\/08\/P1150001_DxO-150x150.jpg\" width=\"150\" height=\"150\" alt=\"\" \/><\/a>\r\n<\/dt><\/dl><dl class=\"gallery-item\">\n<dt class=\"gallery-icon\">\r\n<a href=\"http:\/\/alain.lemaitreandco.fr\/blog\/wp-content\/uploads\/2011\/08\/P1150002_DxO-800x450.jpg\" title=\"\" rel=\"gallery1\"><img src=\"http:\/\/alain.lemaitreandco.fr\/blog\/wp-content\/uploads\/2011\/08\/P1150002_DxO-150x150.jpg\" width=\"150\" height=\"150\" alt=\"\" \/><\/a>\r\n<\/dt><\/dl><dl class=\"gallery-item\">\n<dt class=\"gallery-icon\">\r\n<a href=\"http:\/\/alain.lemaitreandco.fr\/blog\/wp-content\/uploads\/2011\/08\/P1150003_DxO-337x600.jpg\" title=\"\" rel=\"gallery1\"><img src=\"http:\/\/alain.lemaitreandco.fr\/blog\/wp-content\/uploads\/2011\/08\/P1150003_DxO-150x150.jpg\" width=\"150\" height=\"150\" alt=\"\" \/><\/a>\r\n<\/dt><\/dl><br style=\"clear: both\" \/><dl class=\"gallery-item\">\n<dt class=\"gallery-icon\">\r\n<a href=\"http:\/\/alain.lemaitreandco.fr\/blog\/wp-content\/uploads\/2011\/08\/P1150004_DxO-800x450.jpg\" title=\"\" rel=\"gallery1\"><img src=\"http:\/\/alain.lemaitreandco.fr\/blog\/wp-content\/uploads\/2011\/08\/P1150004_DxO-150x150.jpg\" width=\"150\" height=\"150\" alt=\"\" \/><\/a>\r\n<\/dt><\/dl>\r\n\t\t\t<br style='clear: both' \/>\r\n\t\t<\/div>\n\n<p>&nbsp;<\/p>\n","protected":false},"excerpt":{"rendered":"<p>Je n&rsquo;ai pas pris le chemin du guide officiel mais celui propos\u00e9 pour les v\u00e9los par le guide Lepere. Beaucoup de goudron certes, mais tr\u00e8s peu de circulation et tr\u00e8s beaux paysages. Petit h\u00f4tel simple et sympa \u00e0 Le Ch\u00e2telet &hellip; <a class=\"more-link\" href=\"http:\/\/alain.lemaitreandco.fr\/blog\/2009\/05\/01\/de-saint-amand-montrond-a-le-chatelet-8e-jour\/\">Continue reading <span class=\"meta-nav\">&rarr;<\/span><\/a><\/p>\n","protected":false},"author":1,"featured_media":0,"comment_status":"open","ping_status":"open","sticky":false,"template":"","format":"standard","meta":[],"categories":[3],"tags":[9,47,8],"_links":{"self":[{"href":"http:\/\/alain.lemaitreandco.fr\/blog\/wp-json\/wp\/v2\/posts\/235"}],"collection":[{"href":"http:\/\/alain.lemaitreandco.fr\/blog\/wp-json\/wp\/v2\/posts"}],"about":[{"href":"http:\/\/alain.lemaitreandco.fr\/blog\/wp-json\/wp\/v2\/types\/post"}],"author":[{"embeddable":true,"href":"http:\/\/alain.lemaitreandco.fr\/blog\/wp-json\/wp\/v2\/users\/1"}],"replies":[{"embeddable":true,"href":"http:\/\/alain.lemaitreandco.fr\/blog\/wp-json\/wp\/v2\/comments?post=235"}],"version-history":[{"count":0,"href":"http:\/\/alain.lemaitreandco.fr\/blog\/wp-json\/wp\/v2\/posts\/235\/revisions"}],"wp:attachment":[{"href":"http:\/\/alain.lemaitreandco.fr\/blog\/wp-json\/wp\/v2\/media?parent=235"}],"wp:term":[{"taxonomy":"category","embeddable":true,"href":"http:\/\/alain.lemaitreandco.fr\/blog\/wp-json\/wp\/v2\/categories?post=235"},{"taxonomy":"post_tag","embeddable":true,"href":"http:\/\/alain.lemaitreandco.fr\/blog\/wp-json\/wp\/v2\/tags?post=235"}],"curies":[{"name":"wp","href":"https:\/\/api.w.org\/{rel}","templated":true}]}}