{"id":1856,"date":"2008-05-04T18:25:41","date_gmt":"2008-05-04T16:25:41","guid":{"rendered":"http:\/\/alain.lemaitreandco.fr\/blog\/?p=1856"},"modified":"2011-08-08T18:33:44","modified_gmt":"2011-08-08T16:33:44","slug":"match-nancy-strasbourg","status":"publish","type":"post","link":"http:\/\/alain.lemaitreandco.fr\/blog\/2008\/05\/04\/match-nancy-strasbourg\/","title":{"rendered":"Match Nancy-Strasbourg"},"content":{"rendered":"<p>Je n&rsquo;avais jamais \u00e9t\u00e9 \u00e0 un match de foot et c&rsquo;est Christian Palin, un ami du Rosaire, qui m&rsquo;en a donn\u00e9 l&rsquo;occasion. Lui est abonn\u00e9 et il y a ses habitudes et ses amis. Il a demand\u00e9 \u00e0 l&rsquo;un d&rsquo;entre eux de me c\u00e9der sa place \u00e0 cot\u00e9 de lui tandis que ce dernier allait s&rsquo;assoir \u00e0 la place que Christian m&rsquo;avait offert.<\/p>\n<p><a href=\"http:\/\/alain.lemaitreandco.fr\/blog\/2008\/05\/04\/match-nancy-strasbourg\/dsc01506_s\/\" rel=\"attachment wp-att-1857\"><img loading=\"lazy\" class=\"alignleft size-full wp-image-1857\" title=\"DSC01506_s\" src=\"http:\/\/alain.lemaitreandco.fr\/blog\/wp-content\/uploads\/2011\/08\/DSC01506_s.jpg\" alt=\"\" width=\"240\" height=\"122\" \/><\/a>J&rsquo;ai \u00e9t\u00e9 surpris de voir que Christian garait la voiture \u00e0 1 km environ du stade. J&rsquo;ai mieux compris quand j&rsquo;ai vu la foule se diriger vers le stade et toutes les voitures gar\u00e9es n&rsquo;importe comment sur les trottoirs. Sachant que le stade qui \u00e9tait presque plein ce soir l\u00e0, accueillait 19000 personnes, en comptant 3 personnes par voitures, cela fait plus de 6000 voitures qui doivent trouver \u00e0 se garer !<\/p>\n<p>4 entr\u00e9es donnent l&rsquo;acc\u00e8s au stade. Un premier contr\u00f4le pour les billets, suivi d&rsquo;une fouille pour v\u00e9rifier qu&rsquo;on n&rsquo;am\u00e8ne pas sur soi d&rsquo;objets dangereux ! C&rsquo;est beau le sport&#8230;<\/p>\n<p>Ma premi\u00e8re surprise a \u00e9t\u00e9 la taille du terrain : cela m&rsquo;a paru plus petit que ce qu&rsquo;on a l&rsquo;habitude de voir \u00e0 la t\u00e9l\u00e9. Cela doit \u00eatre l&rsquo;effet des objectifs utilis\u00e9s par les cam\u00e9ras de t\u00e9l\u00e9, accentu\u00e9, je pense par le fait que les tribunes enserrent \u00e9troitement le terrain et donnent un effet d&rsquo;espace clos r\u00e9duit.<\/p>\n<p>L&rsquo;aspect de la pelouse surprend \u00e9galement. Impeccable !<\/p>\n<p>Les joueurs sont \u00e0 l&rsquo;\u00e9chauffement. Christian salue de nombreuses personnes et ils commentent d\u00e9j\u00e0 la composition de l&rsquo;\u00e9quipe de ce soir. J&rsquo;ai d\u00e9j\u00e0 l&rsquo;impression que je manque de vocabulaire et je me rends compte que je ne connais rien \u00e0 l&rsquo;\u00e9quipe de Nancy et \u00e0 sa composition, alors que Sara m&rsquo;a un peu brieff\u00e9 parce qu&rsquo;elle fait du baby-sitting chez Gavanon, l&rsquo;un des joueurs de Nancy.<\/p>\n<p>Peu avant 20 heures, tout le monde rentre au vestiaire, les ballons regagnent les sacs. Et c&rsquo;est l&rsquo;entr\u00e9e des joueurs et la pr\u00e9sentation des \u00e9quipes. Nous avons m\u00eame le droit \u00e0 miss Nancy, nouvellement \u00e9lue.<\/p>\n<p><a href=\"http:\/\/alain.lemaitreandco.fr\/blog\/2008\/05\/04\/match-nancy-strasbourg\/03052008139_m\/\" rel=\"attachment wp-att-1858\"><img loading=\"lazy\" class=\"alignnone size-full wp-image-1858\" title=\"03052008139_m\" src=\"http:\/\/alain.lemaitreandco.fr\/blog\/wp-content\/uploads\/2011\/08\/03052008139_m.jpg\" alt=\"\" width=\"448\" height=\"336\" srcset=\"http:\/\/alain.lemaitreandco.fr\/blog\/wp-content\/uploads\/2011\/08\/03052008139_m.jpg 448w, http:\/\/alain.lemaitreandco.fr\/blog\/wp-content\/uploads\/2011\/08\/03052008139_m-300x224.jpg 300w\" sizes=\"(max-width: 448px) 100vw, 448px\" \/><\/a><\/p>\n<p>Les tribunes sont pleines. Les supporters de Strasbourg sont parqu\u00e9s dans une trav\u00e9e lat\u00e9rale bien surveill\u00e9s par les stadistes, mais ils sont peu nombreux. A mon avis, ils sont m\u00eame bien m\u00e9ritants, Strasbourg pointant \u00e0 l&rsquo;avant derni\u00e8re place du championnat.<\/p>\n<p><a href=\"http:\/\/alain.lemaitreandco.fr\/blog\/2008\/05\/04\/match-nancy-strasbourg\/03052008140_m\/\" rel=\"attachment wp-att-1859\"><img loading=\"lazy\" class=\"alignnone size-full wp-image-1859\" title=\"03052008140_m\" src=\"http:\/\/alain.lemaitreandco.fr\/blog\/wp-content\/uploads\/2011\/08\/03052008140_m.jpg\" alt=\"\" width=\"448\" height=\"336\" srcset=\"http:\/\/alain.lemaitreandco.fr\/blog\/wp-content\/uploads\/2011\/08\/03052008140_m.jpg 448w, http:\/\/alain.lemaitreandco.fr\/blog\/wp-content\/uploads\/2011\/08\/03052008140_m-300x224.jpg 300w\" sizes=\"(max-width: 448px) 100vw, 448px\" \/><\/a><\/p>\n<p>Les supporters de Nancy sont r\u00e9partis en deux \u00e9quipes de chaque c\u00f4t\u00e9s du stade, derri\u00e8re les buts, et se donnent la r\u00e9plique en chansons et en phrases incompr\u00e9hensibles.<\/p>\n<p><a href=\"http:\/\/alain.lemaitreandco.fr\/blog\/2008\/05\/04\/match-nancy-strasbourg\/03052008141_s\/\" rel=\"attachment wp-att-1860\"><img loading=\"lazy\" class=\"alignleft size-full wp-image-1860\" title=\"03052008141_s\" src=\"http:\/\/alain.lemaitreandco.fr\/blog\/wp-content\/uploads\/2011\/08\/03052008141_s.jpg\" alt=\"\" width=\"240\" height=\"180\" \/><\/a>Je n&rsquo;ai pas vu le premier but marqu\u00e9 par Nancy, occup\u00e9 que j&rsquo;\u00e9tais \u00e0 observer ce qui se passait dans les tribunes, mais d&rsquo;un seul coup, tout le monde s&rsquo;est lev\u00e9 et une grande clameur a envahi le stade. L\u00e0, \u00e9videmment, on regrette la t\u00e9l\u00e9, car on aurait revu la belle action de B\u00e9renguer&#8230; Par contre, pour l&rsquo;ambiance, on ne regrette pas la t\u00e9l\u00e9, c&rsquo;est beaucoup plus vivant ici !<\/p>\n<p>Deuxi\u00e8me but et m\u00eame enthousiasme : tout le stade est debout, sauf peut-\u00eatre du cot\u00e9 des strasbourgeois.<\/p>\n<p>A la mi-temps, nous nous dirigeons vers la buvette, mais on ne peut payer que si on a une carte sp\u00e9ciale, ce qui fait que c&rsquo;est de nouveau Christian qui m&rsquo;offre une bi\u00e8re.<\/p>\n<p>L&rsquo;ambiance est encore plus chaude pendant la seconde partie du match. Une ola fait plusieurs fois le tour du stade et c&rsquo;est assez impressionnant de voir l&rsquo;ondulation se propager. En m\u00eame temps, le ton monte et les \u00ab\u00a0fautes\u00a0\u00bb d&rsquo;arbitrage sont s\u00e9v\u00e8rement comment\u00e9es. B\u00e9renguer, celui l\u00e0 m\u00eame qui avait marqu\u00e9 le premier but, prend un carton jaune et c&rsquo;est la bronca dans le stade !<\/p>\n<p>Strasbourg finit par prendre un troisi\u00e8me but et on les sent quelque peu d\u00e9motiv\u00e9s. On a maintenant l&rsquo;impression qu&rsquo;il y a plus de joueurs blancs que de bleus sur le stade.<\/p>\n<p><a href=\"http:\/\/alain.lemaitreandco.fr\/blog\/2008\/05\/04\/match-nancy-strasbourg\/03052008142_m\/\" rel=\"attachment wp-att-1861\"><img loading=\"lazy\" class=\"alignnone size-full wp-image-1861\" title=\"03052008142_m\" src=\"http:\/\/alain.lemaitreandco.fr\/blog\/wp-content\/uploads\/2011\/08\/03052008142_m.jpg\" alt=\"\" width=\"448\" height=\"336\" srcset=\"http:\/\/alain.lemaitreandco.fr\/blog\/wp-content\/uploads\/2011\/08\/03052008142_m.jpg 448w, http:\/\/alain.lemaitreandco.fr\/blog\/wp-content\/uploads\/2011\/08\/03052008142_m-300x224.jpg 300w\" sizes=\"(max-width: 448px) 100vw, 448px\" \/><\/a><\/p>\n<p>Le score en restera l\u00e0 : 3-0. Nancy reprend momentan\u00e9ment la 3\u00e8me place que lui avait subtilis\u00e9 Marseille et Strasbourg s&rsquo;enfonce un peu plus dans le classement, en route vers la ligue 2.<\/p>\n<p>La sortie du stade s&rsquo;effectue dans le calme. \u00c7a se passe beaucoup mieux que ce que je m&rsquo;imaginais. Le stade est \u00e9vacu\u00e9 rapidement. Par contre toute cette foule envahit les rues avoisinantes et la circulation y devient impossible, ceux qui avaient trouv\u00e9 \u00e0 se garer \u00e0 proximit\u00e9 en sont pour leurs frais. Quant \u00e0 nous, apr\u00e8s un petit quart d&rsquo;heure de marche \u00e0 pied en commentant le match, nous retrouvons la voiture qui est hors du flot de v\u00e9hicules.<\/p>\n<p>Une bien agr\u00e9able soir\u00e9e ma foi !<\/p>\n<p>&nbsp;<\/p>\n","protected":false},"excerpt":{"rendered":"<p>Je n&rsquo;avais jamais \u00e9t\u00e9 \u00e0 un match de foot et c&rsquo;est Christian Palin, un ami du Rosaire, qui m&rsquo;en a donn\u00e9 l&rsquo;occasion. Lui est abonn\u00e9 et il y a ses habitudes et ses amis. Il a demand\u00e9 \u00e0 l&rsquo;un d&rsquo;entre &hellip; <a class=\"more-link\" href=\"http:\/\/alain.lemaitreandco.fr\/blog\/2008\/05\/04\/match-nancy-strasbourg\/\">Continue reading <span class=\"meta-nav\">&rarr;<\/span><\/a><\/p>\n","protected":false},"author":1,"featured_media":0,"comment_status":"open","ping_status":"open","sticky":false,"template":"","format":"standard","meta":[],"categories":[24],"tags":[25,26],"_links":{"self":[{"href":"http:\/\/alain.lemaitreandco.fr\/blog\/wp-json\/wp\/v2\/posts\/1856"}],"collection":[{"href":"http:\/\/alain.lemaitreandco.fr\/blog\/wp-json\/wp\/v2\/posts"}],"about":[{"href":"http:\/\/alain.lemaitreandco.fr\/blog\/wp-json\/wp\/v2\/types\/post"}],"author":[{"embeddable":true,"href":"http:\/\/alain.lemaitreandco.fr\/blog\/wp-json\/wp\/v2\/users\/1"}],"replies":[{"embeddable":true,"href":"http:\/\/alain.lemaitreandco.fr\/blog\/wp-json\/wp\/v2\/comments?post=1856"}],"version-history":[{"count":1,"href":"http:\/\/alain.lemaitreandco.fr\/blog\/wp-json\/wp\/v2\/posts\/1856\/revisions"}],"predecessor-version":[{"id":1862,"href":"http:\/\/alain.lemaitreandco.fr\/blog\/wp-json\/wp\/v2\/posts\/1856\/revisions\/1862"}],"wp:attachment":[{"href":"http:\/\/alain.lemaitreandco.fr\/blog\/wp-json\/wp\/v2\/media?parent=1856"}],"wp:term":[{"taxonomy":"category","embeddable":true,"href":"http:\/\/alain.lemaitreandco.fr\/blog\/wp-json\/wp\/v2\/categories?post=1856"},{"taxonomy":"post_tag","embeddable":true,"href":"http:\/\/alain.lemaitreandco.fr\/blog\/wp-json\/wp\/v2\/tags?post=1856"}],"curies":[{"name":"wp","href":"https:\/\/api.w.org\/{rel}","templated":true}]}}