{"id":1842,"date":"2008-07-04T18:02:31","date_gmt":"2008-07-04T16:02:31","guid":{"rendered":"http:\/\/alain.lemaitreandco.fr\/blog\/?p=1842"},"modified":"2011-08-08T18:07:10","modified_gmt":"2011-08-08T16:07:10","slug":"premier-vol-reel","status":"publish","type":"post","link":"http:\/\/alain.lemaitreandco.fr\/blog\/2008\/07\/04\/premier-vol-reel\/","title":{"rendered":"Premier vol r\u00e9el"},"content":{"rendered":"<p>Ces derniers jours il manquait un jeune au nid. J&rsquo;ai interrog\u00e9 un employ\u00e9 du Parc sans succ\u00e8s.<\/p>\n<p>A midi, grosse surprise, il n&rsquo;y avait plus personne dans le nid. En fait, elles \u00e9taient sur un toit de l&rsquo;autre c\u00f4t\u00e9 de l&rsquo;avenue qui longe la P\u00e9pini\u00e8re.<\/p>\n<p><a href=\"http:\/\/alain.lemaitreandco.fr\/blog\/2008\/07\/04\/premier-vol-reel\/dsc00332w_m\/\" rel=\"attachment wp-att-1844\"><img loading=\"lazy\" class=\"alignnone size-full wp-image-1844\" title=\"DSC00332w_m\" src=\"http:\/\/alain.lemaitreandco.fr\/blog\/wp-content\/uploads\/2011\/08\/DSC00332w_m.jpg\" alt=\"\" width=\"448\" height=\"298\" srcset=\"http:\/\/alain.lemaitreandco.fr\/blog\/wp-content\/uploads\/2011\/08\/DSC00332w_m.jpg 448w, http:\/\/alain.lemaitreandco.fr\/blog\/wp-content\/uploads\/2011\/08\/DSC00332w_m-300x199.jpg 300w\" sizes=\"(max-width: 448px) 100vw, 448px\" \/><\/a><\/p>\n<p><a href=\"http:\/\/alain.lemaitreandco.fr\/blog\/2008\/07\/04\/premier-vol-reel\/dsc00331w_m\/\" rel=\"attachment wp-att-1843\"><img loading=\"lazy\" class=\"alignnone size-full wp-image-1843\" title=\"DSC00331w_m\" src=\"http:\/\/alain.lemaitreandco.fr\/blog\/wp-content\/uploads\/2011\/08\/DSC00331w_m.jpg\" alt=\"\" width=\"448\" height=\"298\" srcset=\"http:\/\/alain.lemaitreandco.fr\/blog\/wp-content\/uploads\/2011\/08\/DSC00331w_m.jpg 448w, http:\/\/alain.lemaitreandco.fr\/blog\/wp-content\/uploads\/2011\/08\/DSC00331w_m-300x199.jpg 300w\" sizes=\"(max-width: 448px) 100vw, 448px\" \/><\/a><\/p>\n<p>A mon retour \u00e0 14h, il n&rsquo;y avait plus qu&rsquo;un adulte et un jeune au nid.<\/p>\n<p><a href=\"http:\/\/alain.lemaitreandco.fr\/blog\/2008\/07\/04\/premier-vol-reel\/dsc00337w_m\/\" rel=\"attachment wp-att-1845\"><img loading=\"lazy\" class=\"alignnone size-full wp-image-1845\" title=\"DSC00337w_m\" src=\"http:\/\/alain.lemaitreandco.fr\/blog\/wp-content\/uploads\/2011\/08\/DSC00337w_m.jpg\" alt=\"\" width=\"448\" height=\"298\" srcset=\"http:\/\/alain.lemaitreandco.fr\/blog\/wp-content\/uploads\/2011\/08\/DSC00337w_m.jpg 448w, http:\/\/alain.lemaitreandco.fr\/blog\/wp-content\/uploads\/2011\/08\/DSC00337w_m-300x199.jpg 300w\" sizes=\"(max-width: 448px) 100vw, 448px\" \/><\/a><\/p>\n<p><a href=\"http:\/\/alain.lemaitreandco.fr\/blog\/2008\/07\/04\/premier-vol-reel\/dsc00338w_m\/\" rel=\"attachment wp-att-1846\"><img loading=\"lazy\" class=\"alignnone size-full wp-image-1846\" title=\"DSC00338w_m\" src=\"http:\/\/alain.lemaitreandco.fr\/blog\/wp-content\/uploads\/2011\/08\/DSC00338w_m.jpg\" alt=\"\" width=\"448\" height=\"298\" srcset=\"http:\/\/alain.lemaitreandco.fr\/blog\/wp-content\/uploads\/2011\/08\/DSC00338w_m.jpg 448w, http:\/\/alain.lemaitreandco.fr\/blog\/wp-content\/uploads\/2011\/08\/DSC00338w_m-300x199.jpg 300w\" sizes=\"(max-width: 448px) 100vw, 448px\" \/><\/a><\/p>\n<p>La taille semble \u00eatre celle d&rsquo;un adulte, mais le bec n&rsquo;a pas encore la couleur rouge de l&rsquo;adulte.<\/p>\n<p>&nbsp;<\/p>\n","protected":false},"excerpt":{"rendered":"<p>Ces derniers jours il manquait un jeune au nid. J&rsquo;ai interrog\u00e9 un employ\u00e9 du Parc sans succ\u00e8s. A midi, grosse surprise, il n&rsquo;y avait plus personne dans le nid. En fait, elles \u00e9taient sur un toit de l&rsquo;autre c\u00f4t\u00e9 de &hellip; <a class=\"more-link\" href=\"http:\/\/alain.lemaitreandco.fr\/blog\/2008\/07\/04\/premier-vol-reel\/\">Continue reading <span class=\"meta-nav\">&rarr;<\/span><\/a><\/p>\n","protected":false},"author":1,"featured_media":0,"comment_status":"open","ping_status":"open","sticky":false,"template":"","format":"standard","meta":[],"categories":[17,16],"tags":[18,49,20],"_links":{"self":[{"href":"http:\/\/alain.lemaitreandco.fr\/blog\/wp-json\/wp\/v2\/posts\/1842"}],"collection":[{"href":"http:\/\/alain.lemaitreandco.fr\/blog\/wp-json\/wp\/v2\/posts"}],"about":[{"href":"http:\/\/alain.lemaitreandco.fr\/blog\/wp-json\/wp\/v2\/types\/post"}],"author":[{"embeddable":true,"href":"http:\/\/alain.lemaitreandco.fr\/blog\/wp-json\/wp\/v2\/users\/1"}],"replies":[{"embeddable":true,"href":"http:\/\/alain.lemaitreandco.fr\/blog\/wp-json\/wp\/v2\/comments?post=1842"}],"version-history":[{"count":0,"href":"http:\/\/alain.lemaitreandco.fr\/blog\/wp-json\/wp\/v2\/posts\/1842\/revisions"}],"wp:attachment":[{"href":"http:\/\/alain.lemaitreandco.fr\/blog\/wp-json\/wp\/v2\/media?parent=1842"}],"wp:term":[{"taxonomy":"category","embeddable":true,"href":"http:\/\/alain.lemaitreandco.fr\/blog\/wp-json\/wp\/v2\/categories?post=1842"},{"taxonomy":"post_tag","embeddable":true,"href":"http:\/\/alain.lemaitreandco.fr\/blog\/wp-json\/wp\/v2\/tags?post=1842"}],"curies":[{"name":"wp","href":"https:\/\/api.w.org\/{rel}","templated":true}]}}