{"id":1829,"date":"2008-06-24T17:44:56","date_gmt":"2008-06-24T15:44:56","guid":{"rendered":"http:\/\/alain.lemaitreandco.fr\/blog\/?p=1829"},"modified":"2011-08-08T17:48:14","modified_gmt":"2011-08-08T15:48:14","slug":"les-jeunes-cigognes-deviennent-des-ados","status":"publish","type":"post","link":"http:\/\/alain.lemaitreandco.fr\/blog\/2008\/06\/24\/les-jeunes-cigognes-deviennent-des-ados\/","title":{"rendered":"Les jeunes cigognes deviennent des ados"},"content":{"rendered":"<p><a href=\"http:\/\/alain.lemaitreandco.fr\/blog\/2008\/06\/24\/les-jeunes-cigognes-deviennent-des-ados\/dsc00208w_m\/\" rel=\"attachment wp-att-1830\"><img loading=\"lazy\" class=\"size-full wp-image-1830 alignnone\" title=\"DSC00208w_m\" src=\"http:\/\/alain.lemaitreandco.fr\/blog\/wp-content\/uploads\/2011\/08\/DSC00208w_m.jpg\" alt=\"\" width=\"448\" height=\"298\" srcset=\"http:\/\/alain.lemaitreandco.fr\/blog\/wp-content\/uploads\/2011\/08\/DSC00208w_m.jpg 448w, http:\/\/alain.lemaitreandco.fr\/blog\/wp-content\/uploads\/2011\/08\/DSC00208w_m-300x199.jpg 300w\" sizes=\"(max-width: 448px) 100vw, 448px\" \/><\/a><\/p>\n<p>Les jeunes ont grandi et sont maintenant bagu\u00e9s. Je ne sais pas quand et comment l&rsquo;op\u00e9ration a eu lieu.<\/p>\n<p>Ils sont presque de la taille des adultes et sont moins patauds. On les reconnait toujours \u00e0 leur bec noir, mais il me semble que ce noir est en train de virer au rouge.<\/p>\n<p><a href=\"http:\/\/alain.lemaitreandco.fr\/blog\/2008\/06\/24\/les-jeunes-cigognes-deviennent-des-ados\/dsc00211w_m\/\" rel=\"attachment wp-att-1831\"><img loading=\"lazy\" class=\"alignleft size-full wp-image-1831\" title=\"DSC00211w_m\" src=\"http:\/\/alain.lemaitreandco.fr\/blog\/wp-content\/uploads\/2011\/08\/DSC00211w_m.jpg\" alt=\"\" width=\"448\" height=\"298\" srcset=\"http:\/\/alain.lemaitreandco.fr\/blog\/wp-content\/uploads\/2011\/08\/DSC00211w_m.jpg 448w, http:\/\/alain.lemaitreandco.fr\/blog\/wp-content\/uploads\/2011\/08\/DSC00211w_m-300x199.jpg 300w\" sizes=\"(max-width: 448px) 100vw, 448px\" \/><\/a><\/p>\n","protected":false},"excerpt":{"rendered":"<p>Les jeunes ont grandi et sont maintenant bagu\u00e9s. Je ne sais pas quand et comment l&rsquo;op\u00e9ration a eu lieu. Ils sont presque de la taille des adultes et sont moins patauds. On les reconnait toujours \u00e0 leur bec noir, mais &hellip; <a class=\"more-link\" href=\"http:\/\/alain.lemaitreandco.fr\/blog\/2008\/06\/24\/les-jeunes-cigognes-deviennent-des-ados\/\">Continue reading <span class=\"meta-nav\">&rarr;<\/span><\/a><\/p>\n","protected":false},"author":1,"featured_media":0,"comment_status":"open","ping_status":"open","sticky":false,"template":"","format":"standard","meta":[],"categories":[17,16],"tags":[18,49,20],"_links":{"self":[{"href":"http:\/\/alain.lemaitreandco.fr\/blog\/wp-json\/wp\/v2\/posts\/1829"}],"collection":[{"href":"http:\/\/alain.lemaitreandco.fr\/blog\/wp-json\/wp\/v2\/posts"}],"about":[{"href":"http:\/\/alain.lemaitreandco.fr\/blog\/wp-json\/wp\/v2\/types\/post"}],"author":[{"embeddable":true,"href":"http:\/\/alain.lemaitreandco.fr\/blog\/wp-json\/wp\/v2\/users\/1"}],"replies":[{"embeddable":true,"href":"http:\/\/alain.lemaitreandco.fr\/blog\/wp-json\/wp\/v2\/comments?post=1829"}],"version-history":[{"count":1,"href":"http:\/\/alain.lemaitreandco.fr\/blog\/wp-json\/wp\/v2\/posts\/1829\/revisions"}],"predecessor-version":[{"id":1832,"href":"http:\/\/alain.lemaitreandco.fr\/blog\/wp-json\/wp\/v2\/posts\/1829\/revisions\/1832"}],"wp:attachment":[{"href":"http:\/\/alain.lemaitreandco.fr\/blog\/wp-json\/wp\/v2\/media?parent=1829"}],"wp:term":[{"taxonomy":"category","embeddable":true,"href":"http:\/\/alain.lemaitreandco.fr\/blog\/wp-json\/wp\/v2\/categories?post=1829"},{"taxonomy":"post_tag","embeddable":true,"href":"http:\/\/alain.lemaitreandco.fr\/blog\/wp-json\/wp\/v2\/tags?post=1829"}],"curies":[{"name":"wp","href":"https:\/\/api.w.org\/{rel}","templated":true}]}}