{"id":1825,"date":"2008-06-09T17:42:05","date_gmt":"2008-06-09T15:42:05","guid":{"rendered":"http:\/\/alain.lemaitreandco.fr\/blog\/?p=1825"},"modified":"2011-08-08T17:44:18","modified_gmt":"2011-08-08T15:44:18","slug":"beau-temps-au-reveil-ce-matin","status":"publish","type":"post","link":"http:\/\/alain.lemaitreandco.fr\/blog\/2008\/06\/09\/beau-temps-au-reveil-ce-matin\/","title":{"rendered":"Beau temps au r\u00e9veil ce matin"},"content":{"rendered":"<p>Juste deux photos faites en passant ce matin : la cigogne de garde \u00e9tait plant\u00e9e tr\u00e8s dignement sur le haut de la voli\u00e8re, tandis que les cigogneaux se d\u00e9ployaient maladroitement sur leur nid. Ils ont encore du chemin pour atteindre la gr\u00e2ce et la finesse d&rsquo;un adulte.<\/p>\n<p><a href=\"http:\/\/alain.lemaitreandco.fr\/blog\/2008\/06\/09\/beau-temps-au-reveil-ce-matin\/dsc00079w_m\/\" rel=\"attachment wp-att-1827\"><img loading=\"lazy\" class=\"alignleft size-full wp-image-1827\" title=\"DSC00079w_m\" src=\"http:\/\/alain.lemaitreandco.fr\/blog\/wp-content\/uploads\/2011\/08\/DSC00079w_m.jpg\" alt=\"\" width=\"448\" height=\"298\" srcset=\"http:\/\/alain.lemaitreandco.fr\/blog\/wp-content\/uploads\/2011\/08\/DSC00079w_m.jpg 448w, http:\/\/alain.lemaitreandco.fr\/blog\/wp-content\/uploads\/2011\/08\/DSC00079w_m-300x199.jpg 300w\" sizes=\"(max-width: 448px) 100vw, 448px\" \/><\/a><a href=\"http:\/\/alain.lemaitreandco.fr\/blog\/2008\/06\/09\/beau-temps-au-reveil-ce-matin\/sony-dsc-79\/\" rel=\"attachment wp-att-1826\"><img loading=\"lazy\" class=\"alignleft size-full wp-image-1826\" title=\"SONY DSC\" src=\"http:\/\/alain.lemaitreandco.fr\/blog\/wp-content\/uploads\/2011\/08\/DSC00078w.jpg\" alt=\"\" width=\"427\" height=\"640\" srcset=\"http:\/\/alain.lemaitreandco.fr\/blog\/wp-content\/uploads\/2011\/08\/DSC00078w.jpg 427w, http:\/\/alain.lemaitreandco.fr\/blog\/wp-content\/uploads\/2011\/08\/DSC00078w-200x300.jpg 200w, http:\/\/alain.lemaitreandco.fr\/blog\/wp-content\/uploads\/2011\/08\/DSC00078w-400x600.jpg 400w\" sizes=\"(max-width: 427px) 100vw, 427px\" \/><\/a><\/p>\n","protected":false},"excerpt":{"rendered":"<p>Juste deux photos faites en passant ce matin : la cigogne de garde \u00e9tait plant\u00e9e tr\u00e8s dignement sur le haut de la voli\u00e8re, tandis que les cigogneaux se d\u00e9ployaient maladroitement sur leur nid. Ils ont encore du chemin pour atteindre &hellip; <a class=\"more-link\" href=\"http:\/\/alain.lemaitreandco.fr\/blog\/2008\/06\/09\/beau-temps-au-reveil-ce-matin\/\">Continue reading <span class=\"meta-nav\">&rarr;<\/span><\/a><\/p>\n","protected":false},"author":1,"featured_media":0,"comment_status":"open","ping_status":"open","sticky":false,"template":"","format":"standard","meta":[],"categories":[17,16],"tags":[18,49,20],"_links":{"self":[{"href":"http:\/\/alain.lemaitreandco.fr\/blog\/wp-json\/wp\/v2\/posts\/1825"}],"collection":[{"href":"http:\/\/alain.lemaitreandco.fr\/blog\/wp-json\/wp\/v2\/posts"}],"about":[{"href":"http:\/\/alain.lemaitreandco.fr\/blog\/wp-json\/wp\/v2\/types\/post"}],"author":[{"embeddable":true,"href":"http:\/\/alain.lemaitreandco.fr\/blog\/wp-json\/wp\/v2\/users\/1"}],"replies":[{"embeddable":true,"href":"http:\/\/alain.lemaitreandco.fr\/blog\/wp-json\/wp\/v2\/comments?post=1825"}],"version-history":[{"count":0,"href":"http:\/\/alain.lemaitreandco.fr\/blog\/wp-json\/wp\/v2\/posts\/1825\/revisions"}],"wp:attachment":[{"href":"http:\/\/alain.lemaitreandco.fr\/blog\/wp-json\/wp\/v2\/media?parent=1825"}],"wp:term":[{"taxonomy":"category","embeddable":true,"href":"http:\/\/alain.lemaitreandco.fr\/blog\/wp-json\/wp\/v2\/categories?post=1825"},{"taxonomy":"post_tag","embeddable":true,"href":"http:\/\/alain.lemaitreandco.fr\/blog\/wp-json\/wp\/v2\/tags?post=1825"}],"curies":[{"name":"wp","href":"https:\/\/api.w.org\/{rel}","templated":true}]}}