{"id":1785,"date":"2008-11-03T07:06:47","date_gmt":"2008-11-03T05:06:47","guid":{"rendered":"http:\/\/alain.lemaitreandco.fr\/blog\/?p=1785"},"modified":"2011-08-08T07:10:10","modified_gmt":"2011-08-08T05:10:10","slug":"beau-temps-sur-la-lorraine-en-ce-debut-de-novembre","status":"publish","type":"post","link":"http:\/\/alain.lemaitreandco.fr\/blog\/2008\/11\/03\/beau-temps-sur-la-lorraine-en-ce-debut-de-novembre\/","title":{"rendered":"Beau temps sur la Lorraine en ce d\u00e9but de novembre"},"content":{"rendered":"<p><a href=\"http:\/\/alain.lemaitreandco.fr\/blog\/2008\/11\/03\/beau-temps-sur-la-lorraine-en-ce-debut-de-novembre\/p1030218_s\/\" rel=\"attachment wp-att-1786\"><img loading=\"lazy\" class=\"alignleft size-full wp-image-1786\" title=\"P1030218_s\" src=\"http:\/\/alain.lemaitreandco.fr\/blog\/wp-content\/uploads\/2011\/08\/P1030218_s.jpg\" alt=\"\" width=\"240\" height=\"160\" \/><\/a>Alors que M\u00e9t\u00e9o France a plac\u00e9 le centre de la France en vigilence orange et que la Loire d\u00e9borde, il r\u00e8gne un vrai beau temps sur la Lorraine. Quelque chose qui vous incite \u00e0 la flanerie cyclo&#8230;<\/p>\n<p>J&rsquo;ai repris mon circuit habituel, mes 40 km par Essey, Leyr et Custines. Un vrai plaisir qui me permet \u00e9galement de tester mon nouvel appareil photo sp\u00e9cial randonn\u00e9es : le Panasonic DMC-LX3. Pas particuli\u00e8rement \u00ab\u00a0appareil de poche\u00a0\u00bb, mais parfait pour celui qui veut pouvoir paufiner ses photos : tous les modes sont pr\u00e9sents et on peut travailler en RAW, c&rsquo;est \u00e0 dire sur des photos sorties brutes du capteur comme ces 3 photos.<\/p>\n<p><a href=\"http:\/\/alain.lemaitreandco.fr\/blog\/2008\/11\/03\/beau-temps-sur-la-lorraine-en-ce-debut-de-novembre\/p1030219_m\/\" rel=\"attachment wp-att-1787\"><img loading=\"lazy\" class=\"alignleft size-full wp-image-1787\" title=\"P1030219_m\" src=\"http:\/\/alain.lemaitreandco.fr\/blog\/wp-content\/uploads\/2011\/08\/P1030219_m.jpg\" alt=\"\" width=\"448\" height=\"299\" srcset=\"http:\/\/alain.lemaitreandco.fr\/blog\/wp-content\/uploads\/2011\/08\/P1030219_m.jpg 448w, http:\/\/alain.lemaitreandco.fr\/blog\/wp-content\/uploads\/2011\/08\/P1030219_m-300x200.jpg 300w\" sizes=\"(max-width: 448px) 100vw, 448px\" \/><\/a><\/p>\n<p><a href=\"http:\/\/alain.lemaitreandco.fr\/blog\/2008\/11\/03\/beau-temps-sur-la-lorraine-en-ce-debut-de-novembre\/p1030220_m\/\" rel=\"attachment wp-att-1788\"><img loading=\"lazy\" class=\"alignleft size-full wp-image-1788\" title=\"P1030220_m\" src=\"http:\/\/alain.lemaitreandco.fr\/blog\/wp-content\/uploads\/2011\/08\/P1030220_m.jpg\" alt=\"\" width=\"448\" height=\"299\" srcset=\"http:\/\/alain.lemaitreandco.fr\/blog\/wp-content\/uploads\/2011\/08\/P1030220_m.jpg 448w, http:\/\/alain.lemaitreandco.fr\/blog\/wp-content\/uploads\/2011\/08\/P1030220_m-300x200.jpg 300w\" sizes=\"(max-width: 448px) 100vw, 448px\" \/><\/a><\/p>\n","protected":false},"excerpt":{"rendered":"<p>Alors que M\u00e9t\u00e9o France a plac\u00e9 le centre de la France en vigilence orange et que la Loire d\u00e9borde, il r\u00e8gne un vrai beau temps sur la Lorraine. Quelque chose qui vous incite \u00e0 la flanerie cyclo&#8230; J&rsquo;ai repris mon &hellip; <a class=\"more-link\" href=\"http:\/\/alain.lemaitreandco.fr\/blog\/2008\/11\/03\/beau-temps-sur-la-lorraine-en-ce-debut-de-novembre\/\">Continue reading <span class=\"meta-nav\">&rarr;<\/span><\/a><\/p>\n","protected":false},"author":1,"featured_media":0,"comment_status":"open","ping_status":"open","sticky":false,"template":"","format":"standard","meta":[],"categories":[15,11],"tags":[48],"_links":{"self":[{"href":"http:\/\/alain.lemaitreandco.fr\/blog\/wp-json\/wp\/v2\/posts\/1785"}],"collection":[{"href":"http:\/\/alain.lemaitreandco.fr\/blog\/wp-json\/wp\/v2\/posts"}],"about":[{"href":"http:\/\/alain.lemaitreandco.fr\/blog\/wp-json\/wp\/v2\/types\/post"}],"author":[{"embeddable":true,"href":"http:\/\/alain.lemaitreandco.fr\/blog\/wp-json\/wp\/v2\/users\/1"}],"replies":[{"embeddable":true,"href":"http:\/\/alain.lemaitreandco.fr\/blog\/wp-json\/wp\/v2\/comments?post=1785"}],"version-history":[{"count":0,"href":"http:\/\/alain.lemaitreandco.fr\/blog\/wp-json\/wp\/v2\/posts\/1785\/revisions"}],"wp:attachment":[{"href":"http:\/\/alain.lemaitreandco.fr\/blog\/wp-json\/wp\/v2\/media?parent=1785"}],"wp:term":[{"taxonomy":"category","embeddable":true,"href":"http:\/\/alain.lemaitreandco.fr\/blog\/wp-json\/wp\/v2\/categories?post=1785"},{"taxonomy":"post_tag","embeddable":true,"href":"http:\/\/alain.lemaitreandco.fr\/blog\/wp-json\/wp\/v2\/tags?post=1785"}],"curies":[{"name":"wp","href":"https:\/\/api.w.org\/{rel}","templated":true}]}}