{"id":1779,"date":"2008-04-26T07:00:04","date_gmt":"2008-04-26T05:00:04","guid":{"rendered":"http:\/\/alain.lemaitreandco.fr\/blog\/?p=1779"},"modified":"2011-08-08T07:02:34","modified_gmt":"2011-08-08T05:02:34","slug":"balade-cyclo-de-printemps","status":"publish","type":"post","link":"http:\/\/alain.lemaitreandco.fr\/blog\/2008\/04\/26\/balade-cyclo-de-printemps\/","title":{"rendered":"Balade cyclo de printemps"},"content":{"rendered":"<p><a href=\"http:\/\/alain.lemaitreandco.fr\/blog\/2008\/04\/26\/balade-cyclo-de-printemps\/26042008134_s\/\" rel=\"attachment wp-att-1780\"><img loading=\"lazy\" class=\"alignright size-full wp-image-1780\" title=\"26042008134_s\" src=\"http:\/\/alain.lemaitreandco.fr\/blog\/wp-content\/uploads\/2011\/08\/26042008134_s.jpg\" alt=\"\" width=\"180\" height=\"240\" \/><\/a>Le printemps se d\u00e9cide enfin. Je n&rsquo;allais pas laisser passer cette occasion, d&rsquo;autant que je suis en vacances depuis hier soir jusqu&rsquo;au lundi de Pentec\u00f4te.<\/p>\n<p>C&rsquo;est donc ma premi\u00e8re sortie de l&rsquo;ann\u00e9e. Je retrouve avec plaisir les sensations si famili\u00e8res du cyclo qui se glisse dans le paysage. Et quel paysage ! Les arbres fruitiers sont en fleur, les pr\u00e9s, d&rsquo;un vert profond satur\u00e9 d&rsquo;eau. Les pissenlits et les marguerites apportent leur touche de couleur. Le colza vous enivre de son odeur capiteuse.<\/p>\n<p>J&rsquo;ai fait 47 km. C&rsquo;est assez pour une premi\u00e8re sortie.<\/p>\n","protected":false},"excerpt":{"rendered":"<p>Le printemps se d\u00e9cide enfin. Je n&rsquo;allais pas laisser passer cette occasion, d&rsquo;autant que je suis en vacances depuis hier soir jusqu&rsquo;au lundi de Pentec\u00f4te. C&rsquo;est donc ma premi\u00e8re sortie de l&rsquo;ann\u00e9e. Je retrouve avec plaisir les sensations si famili\u00e8res &hellip; <a class=\"more-link\" href=\"http:\/\/alain.lemaitreandco.fr\/blog\/2008\/04\/26\/balade-cyclo-de-printemps\/\">Continue reading <span class=\"meta-nav\">&rarr;<\/span><\/a><\/p>\n","protected":false},"author":1,"featured_media":0,"comment_status":"open","ping_status":"open","sticky":false,"template":"","format":"standard","meta":[],"categories":[15,11],"tags":[48],"_links":{"self":[{"href":"http:\/\/alain.lemaitreandco.fr\/blog\/wp-json\/wp\/v2\/posts\/1779"}],"collection":[{"href":"http:\/\/alain.lemaitreandco.fr\/blog\/wp-json\/wp\/v2\/posts"}],"about":[{"href":"http:\/\/alain.lemaitreandco.fr\/blog\/wp-json\/wp\/v2\/types\/post"}],"author":[{"embeddable":true,"href":"http:\/\/alain.lemaitreandco.fr\/blog\/wp-json\/wp\/v2\/users\/1"}],"replies":[{"embeddable":true,"href":"http:\/\/alain.lemaitreandco.fr\/blog\/wp-json\/wp\/v2\/comments?post=1779"}],"version-history":[{"count":0,"href":"http:\/\/alain.lemaitreandco.fr\/blog\/wp-json\/wp\/v2\/posts\/1779\/revisions"}],"wp:attachment":[{"href":"http:\/\/alain.lemaitreandco.fr\/blog\/wp-json\/wp\/v2\/media?parent=1779"}],"wp:term":[{"taxonomy":"category","embeddable":true,"href":"http:\/\/alain.lemaitreandco.fr\/blog\/wp-json\/wp\/v2\/categories?post=1779"},{"taxonomy":"post_tag","embeddable":true,"href":"http:\/\/alain.lemaitreandco.fr\/blog\/wp-json\/wp\/v2\/tags?post=1779"}],"curies":[{"name":"wp","href":"https:\/\/api.w.org\/{rel}","templated":true}]}}