{"id":1721,"date":"2009-07-11T22:44:07","date_gmt":"2009-07-11T20:44:07","guid":{"rendered":"http:\/\/alain.lemaitreandco.fr\/blog\/?p=1721"},"modified":"2011-08-07T22:45:22","modified_gmt":"2011-08-07T20:45:22","slug":"arrivee-de-gerard-et-colette-80e-jour","status":"publish","type":"post","link":"http:\/\/alain.lemaitreandco.fr\/blog\/2009\/07\/11\/arrivee-de-gerard-et-colette-80e-jour\/","title":{"rendered":"Arriv\u00e9e de G\u00e9rard et Colette (80e jour)"},"content":{"rendered":"<p><a href=\"http:\/\/alain.lemaitreandco.fr\/blog\/2009\/07\/11\/arrivee-de-gerard-et-colette-80e-jour\/estfermegc_t\/\" rel=\"attachment wp-att-1722\"><img loading=\"lazy\" class=\"alignleft size-full wp-image-1722\" title=\"EStFermeGC_t\" src=\"http:\/\/alain.lemaitreandco.fr\/blog\/wp-content\/uploads\/2011\/08\/EStFermeGC_t.jpg\" alt=\"\" width=\"100\" height=\"52\" \/><\/a>G\u00e9rard et Colette, les premiers p\u00e8lerins que j&rsquo;ai rencontr\u00e9s d\u00e8s le lendemain de mon d\u00e9part, viennent d&rsquo;arriver \u00e0 Santiago. Je suis vraiment tr\u00e8s heureux pour eux. <em>(photos Philippe N.)<\/em><\/p>\n","protected":false},"excerpt":{"rendered":"<p>G\u00e9rard et Colette, les premiers p\u00e8lerins que j&rsquo;ai rencontr\u00e9s d\u00e8s le lendemain de mon d\u00e9part, viennent d&rsquo;arriver \u00e0 Santiago. Je suis vraiment tr\u00e8s heureux pour eux. (photos Philippe N.)<\/p>\n","protected":false},"author":1,"featured_media":0,"comment_status":"open","ping_status":"open","sticky":false,"template":"","format":"standard","meta":[],"categories":[3],"tags":[],"_links":{"self":[{"href":"http:\/\/alain.lemaitreandco.fr\/blog\/wp-json\/wp\/v2\/posts\/1721"}],"collection":[{"href":"http:\/\/alain.lemaitreandco.fr\/blog\/wp-json\/wp\/v2\/posts"}],"about":[{"href":"http:\/\/alain.lemaitreandco.fr\/blog\/wp-json\/wp\/v2\/types\/post"}],"author":[{"embeddable":true,"href":"http:\/\/alain.lemaitreandco.fr\/blog\/wp-json\/wp\/v2\/users\/1"}],"replies":[{"embeddable":true,"href":"http:\/\/alain.lemaitreandco.fr\/blog\/wp-json\/wp\/v2\/comments?post=1721"}],"version-history":[{"count":0,"href":"http:\/\/alain.lemaitreandco.fr\/blog\/wp-json\/wp\/v2\/posts\/1721\/revisions"}],"wp:attachment":[{"href":"http:\/\/alain.lemaitreandco.fr\/blog\/wp-json\/wp\/v2\/media?parent=1721"}],"wp:term":[{"taxonomy":"category","embeddable":true,"href":"http:\/\/alain.lemaitreandco.fr\/blog\/wp-json\/wp\/v2\/categories?post=1721"},{"taxonomy":"post_tag","embeddable":true,"href":"http:\/\/alain.lemaitreandco.fr\/blog\/wp-json\/wp\/v2\/tags?post=1721"}],"curies":[{"name":"wp","href":"https:\/\/api.w.org\/{rel}","templated":true}]}}