{"id":1691,"date":"2009-07-02T19:55:45","date_gmt":"2009-07-02T17:55:45","guid":{"rendered":"http:\/\/alain.lemaitreandco.fr\/blog\/?p=1691"},"modified":"2011-08-07T22:32:15","modified_gmt":"2011-08-07T20:32:15","slug":"accueil-de-marleen-70e-jour","status":"publish","type":"post","link":"http:\/\/alain.lemaitreandco.fr\/blog\/2009\/07\/02\/accueil-de-marleen-70e-jour\/","title":{"rendered":"Accueil de Marleen (70e jour)"},"content":{"rendered":"<p><a href=\"http:\/\/alain.lemaitreandco.fr\/blog\/2009\/07\/02\/accueil-de-marleen-70e-jour\/p1740005_dxo\/\" rel=\"attachment wp-att-1693\"><img loading=\"lazy\" class=\"alignleft size-medium wp-image-1693\" title=\"P1740005_DxO\" src=\"http:\/\/alain.lemaitreandco.fr\/blog\/wp-content\/uploads\/2009\/07\/P1740005_DxO-225x300.jpg\" alt=\"\" width=\"135\" height=\"180\" srcset=\"http:\/\/alain.lemaitreandco.fr\/blog\/wp-content\/uploads\/2009\/07\/P1740005_DxO-225x300.jpg 225w, http:\/\/alain.lemaitreandco.fr\/blog\/wp-content\/uploads\/2009\/07\/P1740005_DxO-450x600.jpg 450w, http:\/\/alain.lemaitreandco.fr\/blog\/wp-content\/uploads\/2009\/07\/P1740005_DxO.jpg 1134w\" sizes=\"(max-width: 135px) 100vw, 135px\" \/><\/a>J&rsquo;ai re\u00e7u hier un SMS de Marleen annon\u00e7ant : \u00ab\u00a0Je suis \u00e0 Monte do Gozo et demain matin \u00e0 Santiago, en compagnie d&rsquo;un belge wallon\u00a0\u00bb.<\/p>\n<p>Je suis donc ce matin de bonne heure sur la place de l&rsquo;Obradoiro qui est encore plus vide que le jour de mon arriv\u00e9e. En les attendant je fais quelques photos des b\u00e2timents de cette place qui est vraiment tr\u00e8s belle. Et puis je vais me poster l\u00e0 o\u00f9 \u00e9tait Thomas dimanche.<\/p>\n<p>A 8h35 enfin je vois sa mince silhouette appara\u00eetre sur le haut de la place et agiter ses b\u00e2tons. Nous nous serrons mutuellement dans les bras et cette fois ci, il n&rsquo;y a pas de crachin pour masquer un peu d&rsquo;humidit\u00e9 dans les yeux. Elle me pr\u00e9sente Guy avec qui elle a march\u00e9 ces derniers jours et qui continue, d\u00e8s demain, vers Fatima au Portugal.<\/p>\n<p><a href=\"http:\/\/alain.lemaitreandco.fr\/blog\/2009\/07\/02\/accueil-de-marleen-70e-jour\/p1740016_dxo\/\" rel=\"attachment wp-att-1702\"><img loading=\"lazy\" class=\"alignright size-medium wp-image-1702\" title=\"P1740016_DxO\" src=\"http:\/\/alain.lemaitreandco.fr\/blog\/wp-content\/uploads\/2009\/07\/P1740016_DxO-224x300.jpg\" alt=\"\" width=\"134\" height=\"180\" srcset=\"http:\/\/alain.lemaitreandco.fr\/blog\/wp-content\/uploads\/2009\/07\/P1740016_DxO-224x300.jpg 224w, http:\/\/alain.lemaitreandco.fr\/blog\/wp-content\/uploads\/2009\/07\/P1740016_DxO-449x600.jpg 449w, http:\/\/alain.lemaitreandco.fr\/blog\/wp-content\/uploads\/2009\/07\/P1740016_DxO.jpg 1133w\" sizes=\"(max-width: 134px) 100vw, 134px\" \/><\/a>S\u00e9ance photo traditionnelle avec nos trois appareils&#8230; Je les accompagne ensuite au bureau des p\u00e8lerins pour leurs Compostelas, puis au bureau du tourisme pour le retour de Marleen en autocar. Ils ont choisi le petit s\u00e9minaire comme refuge et un p\u00e8lerin allemand nous y accompagne. Superbe vue sur Santiago.<\/p>\n<p>En les attendant j&rsquo;engage le dialogue avec des p\u00e8lerins cyclistes fran\u00e7ais qui sont en train de charger deux camionnettes immatricul\u00e9es dans le Finist\u00e8re (le n\u00f4tre, pas le Finisterre galicien). J&rsquo;ai \u00e9crit \u00ab\u00a0p\u00e8lerins\u00a0\u00bb, j&rsquo;aurais du \u00e9crire \u00ab\u00a0cyclotouristes\u00a0\u00bb car je me suis reconnu dans ce qu&rsquo;ils ont fait : ils ont mis dix jours pour venir de Brest, soit 200 km par jour. La performance est assez jolie et me rappelle les Diagonales, mais sans les camionnettes ! Finalement, ce sont eux qui sont les plus \u00e9tonn\u00e9s par mes 1700 km parcourus, \u00e0 pieds, en 66 jours. Mais, pour moi, pour Marleen, pour Guy, pour nous tous, pi\u00e9tons, ces nombres ne veulent rien dire, le Chemin c&rsquo;est bien s\u00fbr, autre chose qu&rsquo;une performance sportive. D&rsquo;ailleurs Marleen trouve au petit s\u00e9minaire cette d\u00e9finition du p\u00e8lerin en galicien :<\/p>\n<ul>\n<li>\u00ab\u00a0Peregrino \u00e9 todo aquel que ten un espirito libre, unha equipaxe lixeira, unha alma solidaria&#8230; e segue espontaneamente o camino dos seus sonos\u00a0\u00bb<\/li>\n<\/ul>\n<p>Ce qui veut dire :<\/p>\n<ul>\n<li>\u00ab\u00a0Est p\u00e8lerin celui qui a un esprit libre, un bagage l\u00e9ger, une \u00e2me solidaire&#8230; et suit spontan\u00e9ment le chemin de ses r\u00eaves\u00a0\u00bb<\/li>\n<\/ul>\n<div>\n<p><a href=\"http:\/\/alain.lemaitreandco.fr\/blog\/2009\/07\/02\/accueil-de-marleen-70e-jour\/p1740025_dxo\/\" rel=\"attachment wp-att-1714\"><img loading=\"lazy\" class=\"alignleft size-medium wp-image-1714\" title=\"P1740025_DxO\" src=\"http:\/\/alain.lemaitreandco.fr\/blog\/wp-content\/uploads\/2009\/07\/P1740025_DxO-120x300.jpg\" alt=\"\" width=\"97\" height=\"243\" srcset=\"http:\/\/alain.lemaitreandco.fr\/blog\/wp-content\/uploads\/2009\/07\/P1740025_DxO-120x300.jpg 120w, http:\/\/alain.lemaitreandco.fr\/blog\/wp-content\/uploads\/2009\/07\/P1740025_DxO-240x600.jpg 240w, http:\/\/alain.lemaitreandco.fr\/blog\/wp-content\/uploads\/2009\/07\/P1740025_DxO.jpg 605w\" sizes=\"(max-width: 97px) 100vw, 97px\" \/><\/a>Alors qu&rsquo;un march\u00e9 m\u00e9di\u00e9val se met en place sur la place de la Quintana, nous retournons vers la cath\u00e9drale que nous avons le temps de visiter. C&rsquo;est l&rsquo;occasion de rendre gr\u00e2ce, en particulier pour moi, \u00e0 la crypte o\u00f9 seraient expos\u00e9es les reliques de Saint Jacques. Pas plus de \u00ab\u00a0botafumeiro\u00a0\u00bb aujourd&rsquo;hui \u00e0 la messe de midi que dimanche dernier, mais la litanie des arriv\u00e9es est toujours aussi longue. Cette fois-ci il y a une arriv\u00e9e en provenance de Gand, une belge&#8230;<\/p>\n<p>Marleen continuera demain vers le cap Finisterre qu&rsquo;elle atteindra en 3 jours, puis le lendemain vers Mux\u00eda o\u00f9 serait arriv\u00e9e la barque transportant le corps de Saint Jacques. Puis elle retournera en bus \u00e0 Santiago et mercredi prendra son car pour Gand.<\/p>\n<p>Nous allons boire une derni\u00e8re \u00ab\u00a0ca\u00f1a\u00a0\u00bb ensemble. Puis je l&#8217;embrasse tr\u00e8s fort et m&rsquo;en vais sans me retourner.<\/p>\n\r\n\t\t<style type='text\/css'>\r\n\t\t\t#gallery-1 {\r\n\t\t\t\tmargin: auto;\r\n\t\t\t}\r\n\t\t\t#gallery-1 .gallery-item {\r\n\t\t\t\tfloat: left;\r\n\t\t\t\tmargin-top: 10px;\r\n\t\t\t\ttext-align: center;\r\n\t\t\t\twidth: 33%;\r\n\t\t\t}\r\n\t\t\t#gallery-1 img {\r\n\t\t\t\tborder: 2px solid #cfcfcf;\r\n\t\t\t}\r\n\t\t\t#gallery-1 .gallery-caption {\r\n\t\t\t\tmargin-left: 0;\r\n\t\t\t}\r\n\t\t<\/style>\r\n\t\t<!-- see gallery_shortcode() in wp-includes\/media.php -->\n\t\t<div id='gallery-1' class='gallery galleryid-1691 gallery-columns-3 gallery-size-thumbnail gallery1'><script type=\"text\/javascript\">\r\n\/\/ <![CDATA[\r\n\tjQuery(document).ready(function () {\r\n\t\tjQuery(\".gallery1 a\").attr(\"rel\",\"gallery1\");\t\r\n\t\tjQuery('a[rel=\"gallery1\"]').colorbox({maxWidth:\"95%\", maxHeight:\"95%\",title: function(){ return jQuery(this).children().attr(\"alt\"); }, });\r\n\t});\r\n\/\/ ]]>\r\n<\/script>\n<dl class=\"gallery-item\">\n<dt class=\"gallery-icon\">\r\n<a href=\"http:\/\/alain.lemaitreandco.fr\/blog\/wp-content\/uploads\/2009\/07\/P1740005_DxO-450x600.jpg\" title=\"\" rel=\"gallery1\"><img src=\"http:\/\/alain.lemaitreandco.fr\/blog\/wp-content\/uploads\/2009\/07\/P1740005_DxO-150x150.jpg\" width=\"150\" height=\"150\" alt=\"\" \/><\/a>\r\n<\/dt><\/dl><dl class=\"gallery-item\">\n<dt class=\"gallery-icon\">\r\n<a href=\"http:\/\/alain.lemaitreandco.fr\/blog\/wp-content\/uploads\/2009\/07\/P1740006_DxO-800x450.jpg\" title=\"\" rel=\"gallery1\"><img src=\"http:\/\/alain.lemaitreandco.fr\/blog\/wp-content\/uploads\/2009\/07\/P1740006_DxO-150x150.jpg\" width=\"150\" height=\"150\" alt=\"\" \/><\/a>\r\n<\/dt><\/dl><dl class=\"gallery-item\">\n<dt class=\"gallery-icon\">\r\n<a href=\"http:\/\/alain.lemaitreandco.fr\/blog\/wp-content\/uploads\/2009\/07\/P1740007_DxO-800x450.jpg\" title=\"\" rel=\"gallery1\"><img src=\"http:\/\/alain.lemaitreandco.fr\/blog\/wp-content\/uploads\/2009\/07\/P1740007_DxO-150x150.jpg\" width=\"150\" height=\"150\" alt=\"\" \/><\/a>\r\n<\/dt><\/dl><br style=\"clear: both\" \/><dl class=\"gallery-item\">\n<dt class=\"gallery-icon\">\r\n<a href=\"http:\/\/alain.lemaitreandco.fr\/blog\/wp-content\/uploads\/2009\/07\/P1740008_DxO-800x450.jpg\" title=\"\" rel=\"gallery1\"><img src=\"http:\/\/alain.lemaitreandco.fr\/blog\/wp-content\/uploads\/2009\/07\/P1740008_DxO-150x150.jpg\" width=\"150\" height=\"150\" alt=\"\" \/><\/a>\r\n<\/dt><\/dl><dl class=\"gallery-item\">\n<dt class=\"gallery-icon\">\r\n<a href=\"http:\/\/alain.lemaitreandco.fr\/blog\/wp-content\/uploads\/2009\/07\/P1740009_DxO-800x450.jpg\" title=\"\" rel=\"gallery1\"><img src=\"http:\/\/alain.lemaitreandco.fr\/blog\/wp-content\/uploads\/2009\/07\/P1740009_DxO-150x150.jpg\" width=\"150\" height=\"150\" alt=\"\" \/><\/a>\r\n<\/dt><\/dl><dl class=\"gallery-item\">\n<dt class=\"gallery-icon\">\r\n<a href=\"http:\/\/alain.lemaitreandco.fr\/blog\/wp-content\/uploads\/2009\/07\/P1740010_DxO-336x600.jpg\" title=\"\" rel=\"gallery1\"><img src=\"http:\/\/alain.lemaitreandco.fr\/blog\/wp-content\/uploads\/2009\/07\/P1740010_DxO-150x150.jpg\" width=\"150\" height=\"150\" alt=\"\" \/><\/a>\r\n<\/dt><\/dl><br style=\"clear: both\" \/><dl class=\"gallery-item\">\n<dt class=\"gallery-icon\">\r\n<a href=\"http:\/\/alain.lemaitreandco.fr\/blog\/wp-content\/uploads\/2009\/07\/P1740011_DxO-800x450.jpg\" title=\"\" rel=\"gallery1\"><img src=\"http:\/\/alain.lemaitreandco.fr\/blog\/wp-content\/uploads\/2009\/07\/P1740011_DxO-150x150.jpg\" width=\"150\" height=\"150\" alt=\"\" \/><\/a>\r\n<\/dt><\/dl><dl class=\"gallery-item\">\n<dt class=\"gallery-icon\">\r\n<a href=\"http:\/\/alain.lemaitreandco.fr\/blog\/wp-content\/uploads\/2009\/07\/P1740012_DxO-337x600.jpg\" title=\"\" rel=\"gallery1\"><img src=\"http:\/\/alain.lemaitreandco.fr\/blog\/wp-content\/uploads\/2009\/07\/P1740012_DxO-150x150.jpg\" width=\"150\" height=\"150\" alt=\"\" \/><\/a>\r\n<\/dt><\/dl><dl class=\"gallery-item\">\n<dt class=\"gallery-icon\">\r\n<a href=\"http:\/\/alain.lemaitreandco.fr\/blog\/wp-content\/uploads\/2009\/07\/P1740013_DxO-337x600.jpg\" title=\"\" rel=\"gallery1\"><img src=\"http:\/\/alain.lemaitreandco.fr\/blog\/wp-content\/uploads\/2009\/07\/P1740013_DxO-150x150.jpg\" width=\"150\" height=\"150\" alt=\"\" \/><\/a>\r\n<\/dt><\/dl><br style=\"clear: both\" \/><dl class=\"gallery-item\">\n<dt class=\"gallery-icon\">\r\n<a href=\"http:\/\/alain.lemaitreandco.fr\/blog\/wp-content\/uploads\/2009\/07\/P1740016_DxO-449x600.jpg\" title=\"\" rel=\"gallery1\"><img src=\"http:\/\/alain.lemaitreandco.fr\/blog\/wp-content\/uploads\/2009\/07\/P1740016_DxO-150x150.jpg\" width=\"150\" height=\"150\" alt=\"\" \/><\/a>\r\n<\/dt><\/dl><dl class=\"gallery-item\">\n<dt class=\"gallery-icon\">\r\n<a href=\"http:\/\/alain.lemaitreandco.fr\/blog\/wp-content\/uploads\/2009\/07\/P1740017_DxO-800x450.jpg\" title=\"\" rel=\"gallery1\"><img src=\"http:\/\/alain.lemaitreandco.fr\/blog\/wp-content\/uploads\/2009\/07\/P1740017_DxO-150x150.jpg\" width=\"150\" height=\"150\" alt=\"\" \/><\/a>\r\n<\/dt><\/dl><dl class=\"gallery-item\">\n<dt class=\"gallery-icon\">\r\n<a href=\"http:\/\/alain.lemaitreandco.fr\/blog\/wp-content\/uploads\/2009\/07\/P1740018_DxO-800x450.jpg\" title=\"\" rel=\"gallery1\"><img src=\"http:\/\/alain.lemaitreandco.fr\/blog\/wp-content\/uploads\/2009\/07\/P1740018_DxO-150x150.jpg\" width=\"150\" height=\"150\" alt=\"\" \/><\/a>\r\n<\/dt><\/dl><br style=\"clear: both\" \/><dl class=\"gallery-item\">\n<dt class=\"gallery-icon\">\r\n<a href=\"http:\/\/alain.lemaitreandco.fr\/blog\/wp-content\/uploads\/2009\/07\/P1740019_DxO-337x600.jpg\" title=\"\" rel=\"gallery1\"><img src=\"http:\/\/alain.lemaitreandco.fr\/blog\/wp-content\/uploads\/2009\/07\/P1740019_DxO-150x150.jpg\" width=\"150\" height=\"150\" alt=\"\" \/><\/a>\r\n<\/dt><\/dl><dl class=\"gallery-item\">\n<dt class=\"gallery-icon\">\r\n<a href=\"http:\/\/alain.lemaitreandco.fr\/blog\/wp-content\/uploads\/2009\/07\/P1740020_DxO-800x450.jpg\" title=\"\" rel=\"gallery1\"><img src=\"http:\/\/alain.lemaitreandco.fr\/blog\/wp-content\/uploads\/2009\/07\/P1740020_DxO-150x150.jpg\" width=\"150\" height=\"150\" alt=\"\" \/><\/a>\r\n<\/dt><\/dl><dl class=\"gallery-item\">\n<dt class=\"gallery-icon\">\r\n<a href=\"http:\/\/alain.lemaitreandco.fr\/blog\/wp-content\/uploads\/2009\/07\/P1740021_DxO-337x600.jpg\" title=\"\" rel=\"gallery1\"><img src=\"http:\/\/alain.lemaitreandco.fr\/blog\/wp-content\/uploads\/2009\/07\/P1740021_DxO-150x150.jpg\" width=\"150\" height=\"150\" alt=\"\" \/><\/a>\r\n<\/dt><\/dl><br style=\"clear: both\" \/><dl class=\"gallery-item\">\n<dt class=\"gallery-icon\">\r\n<a href=\"http:\/\/alain.lemaitreandco.fr\/blog\/wp-content\/uploads\/2009\/07\/P1740023_DxO-337x600.jpg\" title=\"\" rel=\"gallery1\"><img src=\"http:\/\/alain.lemaitreandco.fr\/blog\/wp-content\/uploads\/2009\/07\/P1740023_DxO-150x150.jpg\" width=\"150\" height=\"150\" alt=\"\" \/><\/a>\r\n<\/dt><\/dl><dl class=\"gallery-item\">\n<dt class=\"gallery-icon\">\r\n<a href=\"http:\/\/alain.lemaitreandco.fr\/blog\/wp-content\/uploads\/2009\/07\/P1740024_DxO-800x450.jpg\" title=\"\" rel=\"gallery1\"><img src=\"http:\/\/alain.lemaitreandco.fr\/blog\/wp-content\/uploads\/2009\/07\/P1740024_DxO-150x150.jpg\" width=\"150\" height=\"150\" alt=\"\" \/><\/a>\r\n<\/dt><\/dl><dl class=\"gallery-item\">\n<dt class=\"gallery-icon\">\r\n<a href=\"http:\/\/alain.lemaitreandco.fr\/blog\/wp-content\/uploads\/2009\/07\/P1740025_DxO-240x600.jpg\" title=\"\" rel=\"gallery1\"><img src=\"http:\/\/alain.lemaitreandco.fr\/blog\/wp-content\/uploads\/2009\/07\/P1740025_DxO-150x150.jpg\" width=\"150\" height=\"150\" alt=\"\" \/><\/a>\r\n<\/dt><\/dl><br style=\"clear: both\" \/><dl class=\"gallery-item\">\n<dt class=\"gallery-icon\">\r\n<a href=\"http:\/\/alain.lemaitreandco.fr\/blog\/wp-content\/uploads\/2009\/07\/P1740026_DxO-337x600.jpg\" title=\"\" rel=\"gallery1\"><img src=\"http:\/\/alain.lemaitreandco.fr\/blog\/wp-content\/uploads\/2009\/07\/P1740026_DxO-150x150.jpg\" width=\"150\" height=\"150\" alt=\"\" \/><\/a>\r\n<\/dt><\/dl><dl class=\"gallery-item\">\n<dt class=\"gallery-icon\">\r\n<a href=\"http:\/\/alain.lemaitreandco.fr\/blog\/wp-content\/uploads\/2009\/07\/P1740027_DxO-337x600.jpg\" title=\"\" rel=\"gallery1\"><img src=\"http:\/\/alain.lemaitreandco.fr\/blog\/wp-content\/uploads\/2009\/07\/P1740027_DxO-150x150.jpg\" width=\"150\" height=\"150\" alt=\"\" \/><\/a>\r\n<\/dt><\/dl>\r\n\t\t\t<br style='clear: both' \/>\r\n\t\t<\/div>\n\n<\/div>\n","protected":false},"excerpt":{"rendered":"<p>J&rsquo;ai re\u00e7u hier un SMS de Marleen annon\u00e7ant : \u00ab\u00a0Je suis \u00e0 Monte do Gozo et demain matin \u00e0 Santiago, en compagnie d&rsquo;un belge wallon\u00a0\u00bb. Je suis donc ce matin de bonne heure sur la place de l&rsquo;Obradoiro qui est &hellip; <a class=\"more-link\" href=\"http:\/\/alain.lemaitreandco.fr\/blog\/2009\/07\/02\/accueil-de-marleen-70e-jour\/\">Continue reading <span class=\"meta-nav\">&rarr;<\/span><\/a><\/p>\n","protected":false},"author":1,"featured_media":0,"comment_status":"open","ping_status":"open","sticky":false,"template":"","format":"standard","meta":[],"categories":[3],"tags":[10,9,47],"_links":{"self":[{"href":"http:\/\/alain.lemaitreandco.fr\/blog\/wp-json\/wp\/v2\/posts\/1691"}],"collection":[{"href":"http:\/\/alain.lemaitreandco.fr\/blog\/wp-json\/wp\/v2\/posts"}],"about":[{"href":"http:\/\/alain.lemaitreandco.fr\/blog\/wp-json\/wp\/v2\/types\/post"}],"author":[{"embeddable":true,"href":"http:\/\/alain.lemaitreandco.fr\/blog\/wp-json\/wp\/v2\/users\/1"}],"replies":[{"embeddable":true,"href":"http:\/\/alain.lemaitreandco.fr\/blog\/wp-json\/wp\/v2\/comments?post=1691"}],"version-history":[{"count":1,"href":"http:\/\/alain.lemaitreandco.fr\/blog\/wp-json\/wp\/v2\/posts\/1691\/revisions"}],"predecessor-version":[{"id":1713,"href":"http:\/\/alain.lemaitreandco.fr\/blog\/wp-json\/wp\/v2\/posts\/1691\/revisions\/1713"}],"wp:attachment":[{"href":"http:\/\/alain.lemaitreandco.fr\/blog\/wp-json\/wp\/v2\/media?parent=1691"}],"wp:term":[{"taxonomy":"category","embeddable":true,"href":"http:\/\/alain.lemaitreandco.fr\/blog\/wp-json\/wp\/v2\/categories?post=1691"},{"taxonomy":"post_tag","embeddable":true,"href":"http:\/\/alain.lemaitreandco.fr\/blog\/wp-json\/wp\/v2\/tags?post=1691"}],"curies":[{"name":"wp","href":"https:\/\/api.w.org\/{rel}","templated":true}]}}