{"id":15,"date":"2009-04-22T14:35:40","date_gmt":"2009-04-22T12:35:40","guid":{"rendered":"http:\/\/alain.lemaitreandco.fr\/blog\/?p=15"},"modified":"2011-08-05T18:52:28","modified_gmt":"2011-08-05T16:52:28","slug":"benediction-du-pelerin","status":"publish","type":"post","link":"http:\/\/alain.lemaitreandco.fr\/blog\/2009\/04\/22\/benediction-du-pelerin\/","title":{"rendered":"B\u00e9n\u00e9diction du p\u00e8lerin"},"content":{"rendered":"<div>\n<p><a href=\"http:\/\/alain.lemaitreandco.fr\/blog\/2009\/04\/22\/benediction-du-pelerin\/p1250027_dxo\/\" rel=\"attachment wp-att-1006\"><img loading=\"lazy\" class=\"alignright size-medium wp-image-1006\" title=\"P1250027_DxO\" src=\"http:\/\/alain.lemaitreandco.fr\/blog\/wp-content\/uploads\/2009\/04\/P1250027_DxO-300x168.jpg\" alt=\"\" width=\"300\" height=\"168\" srcset=\"http:\/\/alain.lemaitreandco.fr\/blog\/wp-content\/uploads\/2009\/04\/P1250027_DxO-300x168.jpg 300w, http:\/\/alain.lemaitreandco.fr\/blog\/wp-content\/uploads\/2009\/04\/P1250027_DxO-800x450.jpg 800w, http:\/\/alain.lemaitreandco.fr\/blog\/wp-content\/uploads\/2009\/04\/P1250027_DxO.jpg 1511w\" sizes=\"(max-width: 300px) 100vw, 300px\" \/><\/a>Marie et moi sommes all\u00e9s \u00e0 la messe au couvent des Dominicains car nous avons rendez-vous avec Fr\u00e8re Gilles qui doit me donner la b\u00e9n\u00e9diction du p\u00e9lerin qui m\u2019enverra pour de bon sur la route de Saint-Jacques.<\/p>\n<p>Apr\u00e8s la messe en effet, Fr\u00e8re Gilles nous fait signe. Nous nous sommes retrouv\u00e9s tous les trois au pied de Notre Dame du Ch\u00eane et Gilles a dit pour chacun de nous une pri\u00e8re. Je ne saurai redire ce qu\u2019il a dit mais c\u2019\u00e9tait tr\u00e8s beau et \u00e9mouvant aussi bien pour celui qui part que pour celle qui reste. A la suite de quoi, il nous a b\u00e9nis.<\/p>\n<p>Le reste de la journ\u00e9e a \u00e9t\u00e9 consacr\u00e9 au sac \u00e0 dos. Le premier chargement a donn\u00e9 onze\u00a0 kilos\u2026 c\u2019\u00e9tait trop. J\u2019ai retir\u00e9 un tee shirt, un short que je venais d\u2019acheter. Marie s\u2019est mise \u00e0 tout peser : changement de savon de Marseille, les espadrilles \u00e0 la place des sandales, etc\u2026 au bout du compte, le sac p\u00e8se neuf kilos. Il faut compter en plus l\u2019eau et la nourriture, sans doute douze kilos, \u00e7a devrait aller.<\/p>\n<\/div>\n","protected":false},"excerpt":{"rendered":"<p>Marie et moi sommes all\u00e9s \u00e0 la messe au couvent des Dominicains car nous avons rendez-vous avec Fr\u00e8re Gilles qui doit me donner la b\u00e9n\u00e9diction du p\u00e9lerin qui m\u2019enverra pour de bon sur la route de Saint-Jacques. Apr\u00e8s la messe &hellip; <a class=\"more-link\" href=\"http:\/\/alain.lemaitreandco.fr\/blog\/2009\/04\/22\/benediction-du-pelerin\/\">Continue reading <span class=\"meta-nav\">&rarr;<\/span><\/a><\/p>\n","protected":false},"author":1,"featured_media":0,"comment_status":"open","ping_status":"open","sticky":false,"template":"","format":"standard","meta":[],"categories":[3],"tags":[9,47],"_links":{"self":[{"href":"http:\/\/alain.lemaitreandco.fr\/blog\/wp-json\/wp\/v2\/posts\/15"}],"collection":[{"href":"http:\/\/alain.lemaitreandco.fr\/blog\/wp-json\/wp\/v2\/posts"}],"about":[{"href":"http:\/\/alain.lemaitreandco.fr\/blog\/wp-json\/wp\/v2\/types\/post"}],"author":[{"embeddable":true,"href":"http:\/\/alain.lemaitreandco.fr\/blog\/wp-json\/wp\/v2\/users\/1"}],"replies":[{"embeddable":true,"href":"http:\/\/alain.lemaitreandco.fr\/blog\/wp-json\/wp\/v2\/comments?post=15"}],"version-history":[{"count":1,"href":"http:\/\/alain.lemaitreandco.fr\/blog\/wp-json\/wp\/v2\/posts\/15\/revisions"}],"predecessor-version":[{"id":16,"href":"http:\/\/alain.lemaitreandco.fr\/blog\/wp-json\/wp\/v2\/posts\/15\/revisions\/16"}],"wp:attachment":[{"href":"http:\/\/alain.lemaitreandco.fr\/blog\/wp-json\/wp\/v2\/media?parent=15"}],"wp:term":[{"taxonomy":"category","embeddable":true,"href":"http:\/\/alain.lemaitreandco.fr\/blog\/wp-json\/wp\/v2\/categories?post=15"},{"taxonomy":"post_tag","embeddable":true,"href":"http:\/\/alain.lemaitreandco.fr\/blog\/wp-json\/wp\/v2\/tags?post=15"}],"curies":[{"name":"wp","href":"https:\/\/api.w.org\/{rel}","templated":true}]}}