{"id":147,"date":"2009-04-28T17:13:41","date_gmt":"2009-04-28T15:13:41","guid":{"rendered":"http:\/\/alain.lemaitreandco.fr\/blog\/?p=147"},"modified":"2011-08-11T09:57:51","modified_gmt":"2011-08-11T07:57:51","slug":"de-nevers-a-saint-pierre-les-moutiers-5e-jour","status":"publish","type":"post","link":"http:\/\/alain.lemaitreandco.fr\/blog\/2009\/04\/28\/de-nevers-a-saint-pierre-les-moutiers-5e-jour\/","title":{"rendered":"de Nevers \u00e0 Saint-Pierre-les-Moutiers (5e jour)"},"content":{"rendered":"<p><a href=\"http:\/\/alain.lemaitreandco.fr\/blog\/2009\/04\/28\/de-nevers-a-saint-pierre-les-moutiers-5e-jour\/p1120001_dxo\/\" rel=\"attachment wp-att-149\"><img loading=\"lazy\" class=\"alignnone size-large wp-image-149\" title=\"P1120001_DxO\" src=\"http:\/\/alain.lemaitreandco.fr\/blog\/wp-content\/uploads\/2009\/04\/P1120001_DxO-800x450.jpg\" alt=\"\" width=\"640\" height=\"360\" srcset=\"http:\/\/alain.lemaitreandco.fr\/blog\/wp-content\/uploads\/2009\/04\/P1120001_DxO-800x450.jpg 800w, http:\/\/alain.lemaitreandco.fr\/blog\/wp-content\/uploads\/2009\/04\/P1120001_DxO-300x168.jpg 300w, http:\/\/alain.lemaitreandco.fr\/blog\/wp-content\/uploads\/2009\/04\/P1120001_DxO.jpg 1511w\" sizes=\"(max-width: 640px) 100vw, 640px\" \/><\/a><\/p>\n<p>En quittant Nevers ce matin, j&rsquo;ai travers\u00e9 la Loire majestueuse. Il devrait faire beau puisque je suis maintenant au sud de la Loire.<\/p>\n<p>J\u2019exp\u00e9rimente ce soir l\u2019APD (Accueil P\u00e8lerins \u00e0 Domicile). Je suis \u00e0 la sortie de Saint-Pierre-les-Moutiers en direction de l\u2019\u00e9tape de demain. L\u2019accueil est tr\u00e8s sympathique : une dame a cr\u00e9\u00e9 dans une d\u00e9pendance de sa maison, une esp\u00e8ce de refuge : un dortoir de 3 lits, une chambre, une cuisine, une pi\u00e8ce repas, toilettes et salle de bain avec\u2026 luxe supr\u00eame : un radiateur qui chauffe ! C\u2019est un radiateur en hauteur pour faire s\u00e9cher les serviettes. Du coup j\u2019ai pu faire une nouvelle lessive. Une hier et une aujourd\u2019hui, je suis propre.<\/p>\n<p><a href=\"http:\/\/alain.lemaitreandco.fr\/blog\/2009\/04\/28\/de-nevers-a-saint-pierre-les-moutiers-5e-jour\/p1120006_dxo\/\" rel=\"attachment wp-att-153\"><img loading=\"lazy\" class=\"alignleft size-medium wp-image-153\" title=\"P1120006_DxO\" src=\"http:\/\/alain.lemaitreandco.fr\/blog\/wp-content\/uploads\/2009\/04\/P1120006_DxO-300x168.jpg\" alt=\"\" width=\"300\" height=\"168\" srcset=\"http:\/\/alain.lemaitreandco.fr\/blog\/wp-content\/uploads\/2009\/04\/P1120006_DxO-300x168.jpg 300w, http:\/\/alain.lemaitreandco.fr\/blog\/wp-content\/uploads\/2009\/04\/P1120006_DxO-800x450.jpg 800w, http:\/\/alain.lemaitreandco.fr\/blog\/wp-content\/uploads\/2009\/04\/P1120006_DxO.jpg 1511w\" sizes=\"(max-width: 300px) 100vw, 300px\" \/><\/a>La femme qui nous accueille a d\u00e9j\u00e0 fait le p\u00e8lerinage deux fois en v\u00e9lo. Elle nous fournit tout ce qu&rsquo;il faut pour faire le d\u00eener mais c\u2019est \u00e0 nous de cuisiner. En \u00e9change on donne ce qu\u2019on veut.<\/p>\n<p>Philippe, un qu\u00e9b\u00e9cois de 55 ans est arriv\u00e9 un quart d\u2019heure avant moi mais il n\u2019a fait qu\u2019une demi \u00e9tape. Quand je dis mon \u00e2ge il r\u00e9pond, flatteur : \u00ab\u00a0J\u2019aimerai bien en faire autant quand j\u2019aurai votre \u00e2ge !\u00a0\u00bb\u2026<\/p>\n<p>Lorsque je sors de ma douche je trouve Marleen, qui vient juste d\u2019arriver. Elle voulait aller au camping mais il est ferm\u00e9 et pour des raisons de budget bien compr\u00e9hensibles elle \u00e9vite d\u2019aller ailleurs que dans les refuges et les campings ; en contre-partie \u00e7a l&rsquo;oblige \u00e0 transporter une petite tente de 2 kg ! Pas de chance, demain \u00e0 Valigny le camping est aussi ferm\u00e9, il n\u2019y a qu\u2019un h\u00f4tel. Philippe lui propose de prendre une chambre pour deux. C\u2019est Marie-France, notre h\u00f4tesse, qui lui r\u00e9serve la chambre. Ce sera dans le m\u00eame h\u00f4tel que moi, puisqu&rsquo;il est unique.<\/p>\n<p>Aujourd\u2019hui je pense avoir fait 31 km. Il a fait plut\u00f4t beau mais froid et deux bonnes averses sont venues rompre la monotonie de la marche. A mi chemin se situe Magny-Cours et son circuit automobile et l\u2019on entend de tr\u00e8s loin le bruit rageur des moteurs en sur-r\u00e9gime. Sinon, rien de particulier \u00e0 signaler \u00e0 part 1 km environ de marche le long de la RN7 ; il y a des plaisirs plus subtils&#8230;<\/p>\n\r\n\t\t<style type='text\/css'>\r\n\t\t\t#gallery-1 {\r\n\t\t\t\tmargin: auto;\r\n\t\t\t}\r\n\t\t\t#gallery-1 .gallery-item {\r\n\t\t\t\tfloat: left;\r\n\t\t\t\tmargin-top: 10px;\r\n\t\t\t\ttext-align: center;\r\n\t\t\t\twidth: 33%;\r\n\t\t\t}\r\n\t\t\t#gallery-1 img {\r\n\t\t\t\tborder: 2px solid #cfcfcf;\r\n\t\t\t}\r\n\t\t\t#gallery-1 .gallery-caption {\r\n\t\t\t\tmargin-left: 0;\r\n\t\t\t}\r\n\t\t<\/style>\r\n\t\t<!-- see gallery_shortcode() in wp-includes\/media.php -->\n\t\t<div id='gallery-1' class='gallery galleryid-147 gallery-columns-3 gallery-size-thumbnail gallery1'><script type=\"text\/javascript\">\r\n\/\/ <![CDATA[\r\n\tjQuery(document).ready(function () {\r\n\t\tjQuery(\".gallery1 a\").attr(\"rel\",\"gallery1\");\t\r\n\t\tjQuery('a[rel=\"gallery1\"]').colorbox({maxWidth:\"95%\", maxHeight:\"95%\",title: function(){ return jQuery(this).children().attr(\"alt\"); }, });\r\n\t});\r\n\/\/ ]]>\r\n<\/script>\n<dl class=\"gallery-item\">\n<dt class=\"gallery-icon\">\r\n<a href=\"http:\/\/alain.lemaitreandco.fr\/blog\/wp-content\/uploads\/2009\/04\/P1120001_DxO-800x450.jpg\" title=\"\" rel=\"gallery1\"><img src=\"http:\/\/alain.lemaitreandco.fr\/blog\/wp-content\/uploads\/2009\/04\/P1120001_DxO-150x150.jpg\" width=\"150\" height=\"150\" alt=\"\" \/><\/a>\r\n<\/dt><\/dl><dl class=\"gallery-item\">\n<dt class=\"gallery-icon\">\r\n<a href=\"http:\/\/alain.lemaitreandco.fr\/blog\/wp-content\/uploads\/2009\/04\/P1120002_DxO-800x450.jpg\" title=\"\" rel=\"gallery1\"><img src=\"http:\/\/alain.lemaitreandco.fr\/blog\/wp-content\/uploads\/2009\/04\/P1120002_DxO-150x150.jpg\" width=\"150\" height=\"150\" alt=\"\" \/><\/a>\r\n<\/dt><\/dl><dl class=\"gallery-item\">\n<dt class=\"gallery-icon\">\r\n<a href=\"http:\/\/alain.lemaitreandco.fr\/blog\/wp-content\/uploads\/2009\/04\/P1120003_DxO-800x450.jpg\" title=\"\" rel=\"gallery1\"><img src=\"http:\/\/alain.lemaitreandco.fr\/blog\/wp-content\/uploads\/2009\/04\/P1120003_DxO-150x150.jpg\" width=\"150\" height=\"150\" alt=\"\" \/><\/a>\r\n<\/dt><\/dl><br style=\"clear: both\" \/><dl class=\"gallery-item\">\n<dt class=\"gallery-icon\">\r\n<a href=\"http:\/\/alain.lemaitreandco.fr\/blog\/wp-content\/uploads\/2009\/04\/P1120005_DxO-800x450.jpg\" title=\"\" rel=\"gallery1\"><img src=\"http:\/\/alain.lemaitreandco.fr\/blog\/wp-content\/uploads\/2009\/04\/P1120005_DxO-150x150.jpg\" width=\"150\" height=\"150\" alt=\"\" \/><\/a>\r\n<\/dt><\/dl><dl class=\"gallery-item\">\n<dt class=\"gallery-icon\">\r\n<a href=\"http:\/\/alain.lemaitreandco.fr\/blog\/wp-content\/uploads\/2009\/04\/P1120006_DxO-800x450.jpg\" title=\"\" rel=\"gallery1\"><img src=\"http:\/\/alain.lemaitreandco.fr\/blog\/wp-content\/uploads\/2009\/04\/P1120006_DxO-150x150.jpg\" width=\"150\" height=\"150\" alt=\"\" \/><\/a>\r\n<\/dt><\/dl><dl class=\"gallery-item\">\n<dt class=\"gallery-icon\">\r\n<a href=\"http:\/\/alain.lemaitreandco.fr\/blog\/wp-content\/uploads\/2009\/04\/P1120007_DxO-800x450.jpg\" title=\"\" rel=\"gallery1\"><img src=\"http:\/\/alain.lemaitreandco.fr\/blog\/wp-content\/uploads\/2009\/04\/P1120007_DxO-150x150.jpg\" width=\"150\" height=\"150\" alt=\"\" \/><\/a>\r\n<\/dt><\/dl><br style=\"clear: both\" \/><dl class=\"gallery-item\">\n<dt class=\"gallery-icon\">\r\n<a href=\"http:\/\/alain.lemaitreandco.fr\/blog\/wp-content\/uploads\/2009\/04\/P1120008_DxO-800x450.jpg\" title=\"\" rel=\"gallery1\"><img src=\"http:\/\/alain.lemaitreandco.fr\/blog\/wp-content\/uploads\/2009\/04\/P1120008_DxO-150x150.jpg\" width=\"150\" height=\"150\" alt=\"\" \/><\/a>\r\n<\/dt><\/dl><dl class=\"gallery-item\">\n<dt class=\"gallery-icon\">\r\n<a href=\"http:\/\/alain.lemaitreandco.fr\/blog\/wp-content\/uploads\/2009\/04\/P1120009_DxO-800x450.jpg\" title=\"\" rel=\"gallery1\"><img src=\"http:\/\/alain.lemaitreandco.fr\/blog\/wp-content\/uploads\/2009\/04\/P1120009_DxO-150x150.jpg\" width=\"150\" height=\"150\" alt=\"\" \/><\/a>\r\n<\/dt><\/dl><dl class=\"gallery-item\">\n<dt class=\"gallery-icon\">\r\n<a href=\"http:\/\/alain.lemaitreandco.fr\/blog\/wp-content\/uploads\/2009\/04\/P1120010_DxO-800x450.jpg\" title=\"\" rel=\"gallery1\"><img src=\"http:\/\/alain.lemaitreandco.fr\/blog\/wp-content\/uploads\/2009\/04\/P1120010_DxO-150x150.jpg\" width=\"150\" height=\"150\" alt=\"\" \/><\/a>\r\n<\/dt><\/dl><br style=\"clear: both\" \/>\r\n\t\t<\/div>\n\n<p>&nbsp;<\/p>\n","protected":false},"excerpt":{"rendered":"<p>En quittant Nevers ce matin, j&rsquo;ai travers\u00e9 la Loire majestueuse. Il devrait faire beau puisque je suis maintenant au sud de la Loire. J\u2019exp\u00e9rimente ce soir l\u2019APD (Accueil P\u00e8lerins \u00e0 Domicile). Je suis \u00e0 la sortie de Saint-Pierre-les-Moutiers en direction &hellip; <a class=\"more-link\" href=\"http:\/\/alain.lemaitreandco.fr\/blog\/2009\/04\/28\/de-nevers-a-saint-pierre-les-moutiers-5e-jour\/\">Continue reading <span class=\"meta-nav\">&rarr;<\/span><\/a><\/p>\n","protected":false},"author":1,"featured_media":0,"comment_status":"open","ping_status":"open","sticky":false,"template":"","format":"standard","meta":[],"categories":[3],"tags":[9,47,8],"_links":{"self":[{"href":"http:\/\/alain.lemaitreandco.fr\/blog\/wp-json\/wp\/v2\/posts\/147"}],"collection":[{"href":"http:\/\/alain.lemaitreandco.fr\/blog\/wp-json\/wp\/v2\/posts"}],"about":[{"href":"http:\/\/alain.lemaitreandco.fr\/blog\/wp-json\/wp\/v2\/types\/post"}],"author":[{"embeddable":true,"href":"http:\/\/alain.lemaitreandco.fr\/blog\/wp-json\/wp\/v2\/users\/1"}],"replies":[{"embeddable":true,"href":"http:\/\/alain.lemaitreandco.fr\/blog\/wp-json\/wp\/v2\/comments?post=147"}],"version-history":[{"count":1,"href":"http:\/\/alain.lemaitreandco.fr\/blog\/wp-json\/wp\/v2\/posts\/147\/revisions"}],"predecessor-version":[{"id":148,"href":"http:\/\/alain.lemaitreandco.fr\/blog\/wp-json\/wp\/v2\/posts\/147\/revisions\/148"}],"wp:attachment":[{"href":"http:\/\/alain.lemaitreandco.fr\/blog\/wp-json\/wp\/v2\/media?parent=147"}],"wp:term":[{"taxonomy":"category","embeddable":true,"href":"http:\/\/alain.lemaitreandco.fr\/blog\/wp-json\/wp\/v2\/categories?post=147"},{"taxonomy":"post_tag","embeddable":true,"href":"http:\/\/alain.lemaitreandco.fr\/blog\/wp-json\/wp\/v2\/tags?post=147"}],"curies":[{"name":"wp","href":"https:\/\/api.w.org\/{rel}","templated":true}]}}