{"id":143,"date":"2009-04-27T17:04:55","date_gmt":"2009-04-27T15:04:55","guid":{"rendered":"http:\/\/alain.lemaitreandco.fr\/blog\/?p=143"},"modified":"2011-08-11T09:57:58","modified_gmt":"2011-08-11T07:57:58","slug":"de-premery-a-nevers-4e-jour","status":"publish","type":"post","link":"http:\/\/alain.lemaitreandco.fr\/blog\/2009\/04\/27\/de-premery-a-nevers-4e-jour\/","title":{"rendered":"de Pr\u00e9mery \u00e0 Nevers (4e jour)"},"content":{"rendered":"<p>Je suis \u00e0 Nevers, chez les S\u0153urs de la Charit\u00e9. C&rsquo;est l\u00e0 qu&rsquo;est Bernadette Soubirous \u00e0 qui j\u2019ai \u00e9t\u00e9 dire bonjour d\u00e8s mon arriv\u00e9e. Je suis bien install\u00e9 mais j\u2019ai \u00e9t\u00e9 surpris par le prix : entre hier et aujourd\u2019hui c\u2019est pratiquement le m\u00eame prix : 50 euros.<\/p>\n<p>La journ\u00e9e s\u2019est bien pass\u00e9e. Ciel en grande partie couvert mais sans pluie. J\u2019ai dit adieu ce matin \u00e0 G\u00e9rard et Colette que je ne reverrai probablement pas. On s\u2019est promis de prier les uns pour les autres \u00e0 Santiago. La p\u00e8lerine belge \u00e9tait partie sans petit-d\u00e9jeuner. L\u2019autre couple, Jacques et Olga, fl\u00e2nait un peu mais ils doivent \u00eatre \u00e0 Nevers ce soir \u00e9galement. Jacques ce matin a fait une belle gaffe, de celle dont on a du mal \u00e0 se d\u00e9p\u00eatrer : il a demand\u00e9 \u00e0 la patronne si c&rsquo;\u00e9tait son p\u00e8re qui \u00e9tait \u00e0 la cuisine&#8230; C&rsquo;\u00e9tait son mari !<\/p>\n<p>Fid\u00e8le \u00e0 mon truc de ne pas faire de kilom\u00e8tres inutiles quand c\u2019est possible, j\u2019ai pris la d\u00e9partementale qui relie Pr\u00e9mery \u00e0 Gu\u00e9rigny en marchant dans l\u2019herbe du bas c\u00f4t\u00e9 qui est large. J\u2019ai fait ainsi 15 km au lieu de 18. Un peu plus loin alors que je m\u2019\u00e9tais arr\u00eat\u00e9 dans un bois pour faire un petit pipi, au moment de me remettre en route j\u2019ai vu un marcheur qui venait vers moi. J\u2019ai attendu et j\u2019ai bient\u00f4t compris que c\u2019\u00e9tait la belge qui \u00e9tait bien surprise de me trouver l\u00e0. Nous avons march\u00e9 alors ensemble, mais il a fallu que je fasse un effort parce qu\u2019elle marche beaucoup plus vite que moi, style coureur de marche \u00e0 pied en s\u2019aidant de ses deux b\u00e2tons. Elle s\u2019appelle Marleen, est flamande, a 62 ans, six enfants, veuve et retrait\u00e9e. Nous nous sommes arr\u00eat\u00e9s \u00e0 la porte d\u2019un cimeti\u00e8re parce qu\u2019il y avait des bancs et nous avons pique-niqu\u00e9. Eh bien ma belge n\u2019avait rien ! On a donc partag\u00e9 mes ressources car j&rsquo;en avais facilement pour deux dans mon sac.<\/p>\n<p>Je crois que j&rsquo;ai pris l\u00e0 ma premi\u00e8re le\u00e7on du Chemin : Marleen n&rsquo;avait rien \u00e0 manger dans son sac, alors que moi j&rsquo;en avais pour deux ! Toutes les peurs que j&rsquo;avais au d\u00e9part tenaient surtout dans ceci : je ne sais pas vivre au jour le jour, m&rsquo;en remettre \u00e0 la Providence, ne pas me charger de l&rsquo;inutile. Plus que l&rsquo;appr\u00e9hension de l&rsquo;effort physique, c&rsquo;\u00e9tait la peur de ne pas trouver de quoi manger, ou bien de ne pas savoir o\u00f9 dormir&#8230; J&rsquo;ai compris tout de suite que c&rsquo;\u00e9tait elle qui avait raison. Elle m&rsquo;a d&rsquo;ailleurs expliqu\u00e9 que quand elle achetait un g\u00e2teau de riz par exemple, elle le mangeait tout de suite pour ne pas s&rsquo;encombrer ; c&rsquo;\u00e9tait pour parfaire la le\u00e7on&#8230; Les recommandations de J\u00e9sus \u00e0 ses disciples dans l&rsquo;Evangile ne disent pas autre chose : n&#8217;emportez rien d&rsquo;inutile, prenez ce qui se pr\u00e9sente et rien de plus. J&rsquo;avais d\u00e9j\u00e0 eu l&rsquo;intuition de cela quand j&rsquo;ai pr\u00e9par\u00e9 mon sac \u00e0 dos : deux tee-shirts, deux slips, deux paires de chaussettes, un pantalon, un pull&#8230; il faudra vivre avec cela et rien que cela pendant plus de deux mois. Marleen en remettait une couche&#8230;<\/p>\n<p>A l\u2019entr\u00e9e de Nevers nous nous sommes s\u00e9par\u00e9s car elle \u00e9tait\u00a0 attendue dans un \u00abAccueil P\u00e8lerins \u00e0 Domicile\u00bb. Je vais exp\u00e9rimenter cela demain. Il semble qu\u2019il s\u2019agisse d\u2019anciens p\u00e8lerins qui accueillent maintenant ceux qui passent. Quelqu&rsquo;un s&rsquo;est propos\u00e9 spontan\u00e9ment de l&rsquo;accompagner en voiture chez cette famille car ce n&rsquo;\u00e9tait pas du tout dans la banlieue par laquelle nous arrivions \u00e0 Nevers.<\/p>\n<p>Vers 17 heures, je suis retourn\u00e9 voir Bernadette et l\u00e0&#8230; une messe en hollandais commen\u00e7ait. Depuis mercredi, j\u2019ai eu chaque jour une messe, sauf hier Dimanche. Au d\u00eener nous \u00e9tions 5 : un couple de japonais \u00e2g\u00e9s qui ne parlaient que japonais ou anglais, deux fran\u00e7aises et moi. C\u2019est incroyable ce que les japonais connaissent de la France et de l\u2019Europe. La dame \u00e9tait incollable : quand\u00a0 j\u2019ai dit que je venais de Nancy, elle a cit\u00e9 \u00abArt nouveau\u00bb et \u00abmacarons\u00bb ! Mais la conversation \u00e9tait difficile.<\/p>\n\r\n\t\t<style type='text\/css'>\r\n\t\t\t#gallery-1 {\r\n\t\t\t\tmargin: auto;\r\n\t\t\t}\r\n\t\t\t#gallery-1 .gallery-item {\r\n\t\t\t\tfloat: left;\r\n\t\t\t\tmargin-top: 10px;\r\n\t\t\t\ttext-align: center;\r\n\t\t\t\twidth: 33%;\r\n\t\t\t}\r\n\t\t\t#gallery-1 img {\r\n\t\t\t\tborder: 2px solid #cfcfcf;\r\n\t\t\t}\r\n\t\t\t#gallery-1 .gallery-caption {\r\n\t\t\t\tmargin-left: 0;\r\n\t\t\t}\r\n\t\t<\/style>\r\n\t\t<!-- see gallery_shortcode() in wp-includes\/media.php -->\n\t\t<div id='gallery-1' class='gallery galleryid-143 gallery-columns-3 gallery-size-thumbnail gallery1'><script type=\"text\/javascript\">\r\n\/\/ <![CDATA[\r\n\tjQuery(document).ready(function () {\r\n\t\tjQuery(\".gallery1 a\").attr(\"rel\",\"gallery1\");\t\r\n\t\tjQuery('a[rel=\"gallery1\"]').colorbox({maxWidth:\"95%\", maxHeight:\"95%\",title: function(){ return jQuery(this).children().attr(\"alt\"); }, });\r\n\t});\r\n\/\/ ]]>\r\n<\/script>\n<dl class=\"gallery-item\">\n<dt class=\"gallery-icon\">\r\n<a href=\"http:\/\/alain.lemaitreandco.fr\/blog\/wp-content\/uploads\/2009\/04\/P1110001_DxO-800x450.jpg\" title=\"\" rel=\"gallery1\"><img src=\"http:\/\/alain.lemaitreandco.fr\/blog\/wp-content\/uploads\/2009\/04\/P1110001_DxO-150x150.jpg\" width=\"150\" height=\"150\" alt=\"\" \/><\/a>\r\n<\/dt><\/dl><dl class=\"gallery-item\">\n<dt class=\"gallery-icon\">\r\n<a href=\"http:\/\/alain.lemaitreandco.fr\/blog\/wp-content\/uploads\/2009\/04\/P1110003_DxO-800x450.jpg\" title=\"\" rel=\"gallery1\"><img src=\"http:\/\/alain.lemaitreandco.fr\/blog\/wp-content\/uploads\/2009\/04\/P1110003_DxO-150x150.jpg\" width=\"150\" height=\"150\" alt=\"\" \/><\/a>\r\n<\/dt><\/dl>\r\n\t\t\t<br style='clear: both' \/>\r\n\t\t<\/div>\n\n<p>&nbsp;<\/p>\n","protected":false},"excerpt":{"rendered":"<p>Je suis \u00e0 Nevers, chez les S\u0153urs de la Charit\u00e9. C&rsquo;est l\u00e0 qu&rsquo;est Bernadette Soubirous \u00e0 qui j\u2019ai \u00e9t\u00e9 dire bonjour d\u00e8s mon arriv\u00e9e. Je suis bien install\u00e9 mais j\u2019ai \u00e9t\u00e9 surpris par le prix : entre hier et aujourd\u2019hui &hellip; <a class=\"more-link\" href=\"http:\/\/alain.lemaitreandco.fr\/blog\/2009\/04\/27\/de-premery-a-nevers-4e-jour\/\">Continue reading <span class=\"meta-nav\">&rarr;<\/span><\/a><\/p>\n","protected":false},"author":1,"featured_media":0,"comment_status":"open","ping_status":"open","sticky":false,"template":"","format":"standard","meta":[],"categories":[3],"tags":[9,47,8],"_links":{"self":[{"href":"http:\/\/alain.lemaitreandco.fr\/blog\/wp-json\/wp\/v2\/posts\/143"}],"collection":[{"href":"http:\/\/alain.lemaitreandco.fr\/blog\/wp-json\/wp\/v2\/posts"}],"about":[{"href":"http:\/\/alain.lemaitreandco.fr\/blog\/wp-json\/wp\/v2\/types\/post"}],"author":[{"embeddable":true,"href":"http:\/\/alain.lemaitreandco.fr\/blog\/wp-json\/wp\/v2\/users\/1"}],"replies":[{"embeddable":true,"href":"http:\/\/alain.lemaitreandco.fr\/blog\/wp-json\/wp\/v2\/comments?post=143"}],"version-history":[{"count":1,"href":"http:\/\/alain.lemaitreandco.fr\/blog\/wp-json\/wp\/v2\/posts\/143\/revisions"}],"predecessor-version":[{"id":144,"href":"http:\/\/alain.lemaitreandco.fr\/blog\/wp-json\/wp\/v2\/posts\/143\/revisions\/144"}],"wp:attachment":[{"href":"http:\/\/alain.lemaitreandco.fr\/blog\/wp-json\/wp\/v2\/media?parent=143"}],"wp:term":[{"taxonomy":"category","embeddable":true,"href":"http:\/\/alain.lemaitreandco.fr\/blog\/wp-json\/wp\/v2\/categories?post=143"},{"taxonomy":"post_tag","embeddable":true,"href":"http:\/\/alain.lemaitreandco.fr\/blog\/wp-json\/wp\/v2\/tags?post=143"}],"curies":[{"name":"wp","href":"https:\/\/api.w.org\/{rel}","templated":true}]}}