{"id":135,"date":"2009-04-26T16:56:06","date_gmt":"2009-04-26T14:56:06","guid":{"rendered":"http:\/\/alain.lemaitreandco.fr\/blog\/?p=135"},"modified":"2011-08-11T09:58:07","modified_gmt":"2011-08-11T07:58:07","slug":"de-saint-reverien-a-premery-3e-jour","status":"publish","type":"post","link":"http:\/\/alain.lemaitreandco.fr\/blog\/2009\/04\/26\/de-saint-reverien-a-premery-3e-jour\/","title":{"rendered":"de Saint-R\u00e9v\u00e9rien \u00e0 Pr\u00e9mery (3e jour)"},"content":{"rendered":"<p>Je suis install\u00e9 dans ma chambre d\u2019h\u00f4te au-dessus du restaurant \u00ab les quatre saisons \u00bb de Pr\u00e9mery.<\/p>\n<p>Finalement la nuit a \u00e9t\u00e9 bonne, ponctu\u00e9e par les heures qui sonnaient au carillon de la Mairie. G\u00e9rard a bien ronfl\u00e9. Le responsable du g\u00eete est venu nous dire au revoir. Apr\u00e8s avoir petit-d\u00e9jeun\u00e9 et rang\u00e9 le refuge, j\u2019ai souhait\u00e9 partir seul et me suis excus\u00e9.<\/p>\n<p><a href=\"http:\/\/alain.lemaitreandco.fr\/blog\/2009\/04\/26\/de-saint-reverien-a-premery-3e-jour\/p1100001_dxo\/\" rel=\"attachment wp-att-137\"><img loading=\"lazy\" class=\"alignnone size-large wp-image-137\" title=\"P1100001_DxO\" src=\"http:\/\/alain.lemaitreandco.fr\/blog\/wp-content\/uploads\/2009\/04\/P1100001_DxO-800x450.jpg\" alt=\"\" width=\"640\" height=\"360\" srcset=\"http:\/\/alain.lemaitreandco.fr\/blog\/wp-content\/uploads\/2009\/04\/P1100001_DxO-800x450.jpg 800w, http:\/\/alain.lemaitreandco.fr\/blog\/wp-content\/uploads\/2009\/04\/P1100001_DxO-300x168.jpg 300w, http:\/\/alain.lemaitreandco.fr\/blog\/wp-content\/uploads\/2009\/04\/P1100001_DxO.jpg 1511w\" sizes=\"(max-width: 640px) 100vw, 640px\" \/><\/a><\/p>\n<p>A midi j\u2019\u00e9tais \u00e0 Pr\u00e9mery. J\u2019ai pique-niqu\u00e9 sur un banc o\u00f9 une dame est venue me faire la causette \u00ab Vous \u00eates un Compostelle ? \u00bb. Elle avait h\u00e9berg\u00e9 il y a peu un belge qui avait camp\u00e9 dans son jardin.<\/p>\n<p>Douche, sieste, t\u00e9l\u00e9phone \u00e0 Marie. Cette fois ci je t\u00e9l\u00e9phone aussi \u00e0 Maman. Je t\u00e9l\u00e9phone \u00e9galement aux s\u0153urs de Nevers qui veulent bien me recevoir demain soir. Moi qui voulait rendre visite \u00e0 Bernadette, notre sainte Bernadette Soubirous de Lourdes, je suis combl\u00e9 !<\/p>\n<p>Ce soir nous sommes 6 : une belge qui a d\u00e9j\u00e0 fait 750 km (elle est partie fin mars, de chez elle \u00e0 Gand), un couple de Besan\u00e7on (ils ont d\u00e9j\u00e0 \u00e9t\u00e9 \u00e0 Santiago et font une partie seulement cette fois ci), le couple d\u2019hier -G\u00e9rard et Colette- et moi. J\u2019ai d\u00een\u00e9 avec eux et nous avons de nouveau longuement et profond\u00e9ment discut\u00e9.<\/p>\n\r\n\t\t<style type='text\/css'>\r\n\t\t\t#gallery-1 {\r\n\t\t\t\tmargin: auto;\r\n\t\t\t}\r\n\t\t\t#gallery-1 .gallery-item {\r\n\t\t\t\tfloat: left;\r\n\t\t\t\tmargin-top: 10px;\r\n\t\t\t\ttext-align: center;\r\n\t\t\t\twidth: 33%;\r\n\t\t\t}\r\n\t\t\t#gallery-1 img {\r\n\t\t\t\tborder: 2px solid #cfcfcf;\r\n\t\t\t}\r\n\t\t\t#gallery-1 .gallery-caption {\r\n\t\t\t\tmargin-left: 0;\r\n\t\t\t}\r\n\t\t<\/style>\r\n\t\t<!-- see gallery_shortcode() in wp-includes\/media.php -->\n\t\t<div id='gallery-1' class='gallery galleryid-135 gallery-columns-3 gallery-size-thumbnail gallery1'><script type=\"text\/javascript\">\r\n\/\/ <![CDATA[\r\n\tjQuery(document).ready(function () {\r\n\t\tjQuery(\".gallery1 a\").attr(\"rel\",\"gallery1\");\t\r\n\t\tjQuery('a[rel=\"gallery1\"]').colorbox({maxWidth:\"95%\", maxHeight:\"95%\",title: function(){ return jQuery(this).children().attr(\"alt\"); }, });\r\n\t});\r\n\/\/ ]]>\r\n<\/script>\n<dl class=\"gallery-item\">\n<dt class=\"gallery-icon\">\r\n<a href=\"http:\/\/alain.lemaitreandco.fr\/blog\/wp-content\/uploads\/2009\/04\/P1100001_DxO-800x450.jpg\" title=\"\" rel=\"gallery1\"><img src=\"http:\/\/alain.lemaitreandco.fr\/blog\/wp-content\/uploads\/2009\/04\/P1100001_DxO-150x150.jpg\" width=\"150\" height=\"150\" alt=\"\" \/><\/a>\r\n<\/dt><\/dl><dl class=\"gallery-item\">\n<dt class=\"gallery-icon\">\r\n<a href=\"http:\/\/alain.lemaitreandco.fr\/blog\/wp-content\/uploads\/2009\/04\/P1100002_DxO-800x450.jpg\" title=\"\" rel=\"gallery1\"><img src=\"http:\/\/alain.lemaitreandco.fr\/blog\/wp-content\/uploads\/2009\/04\/P1100002_DxO-150x150.jpg\" width=\"150\" height=\"150\" alt=\"\" \/><\/a>\r\n<\/dt><\/dl><dl class=\"gallery-item\">\n<dt class=\"gallery-icon\">\r\n<a href=\"http:\/\/alain.lemaitreandco.fr\/blog\/wp-content\/uploads\/2009\/04\/P1100003_DxO-800x450.jpg\" title=\"\" rel=\"gallery1\"><img src=\"http:\/\/alain.lemaitreandco.fr\/blog\/wp-content\/uploads\/2009\/04\/P1100003_DxO-150x150.jpg\" width=\"150\" height=\"150\" alt=\"\" \/><\/a>\r\n<\/dt><\/dl><br style=\"clear: both\" \/><dl class=\"gallery-item\">\n<dt class=\"gallery-icon\">\r\n<a href=\"http:\/\/alain.lemaitreandco.fr\/blog\/wp-content\/uploads\/2009\/04\/P1100004_DxO-800x450.jpg\" title=\"\" rel=\"gallery1\"><img src=\"http:\/\/alain.lemaitreandco.fr\/blog\/wp-content\/uploads\/2009\/04\/P1100004_DxO-150x150.jpg\" width=\"150\" height=\"150\" alt=\"\" \/><\/a>\r\n<\/dt><\/dl><dl class=\"gallery-item\">\n<dt class=\"gallery-icon\">\r\n<a href=\"http:\/\/alain.lemaitreandco.fr\/blog\/wp-content\/uploads\/2009\/04\/P1100005_DxO-800x450.jpg\" title=\"\" rel=\"gallery1\"><img src=\"http:\/\/alain.lemaitreandco.fr\/blog\/wp-content\/uploads\/2009\/04\/P1100005_DxO-150x150.jpg\" width=\"150\" height=\"150\" alt=\"\" \/><\/a>\r\n<\/dt><\/dl><dl class=\"gallery-item\">\n<dt class=\"gallery-icon\">\r\n<a href=\"http:\/\/alain.lemaitreandco.fr\/blog\/wp-content\/uploads\/2009\/04\/P1100006_DxO-800x450.jpg\" title=\"\" rel=\"gallery1\"><img src=\"http:\/\/alain.lemaitreandco.fr\/blog\/wp-content\/uploads\/2009\/04\/P1100006_DxO-150x150.jpg\" width=\"150\" height=\"150\" alt=\"\" \/><\/a>\r\n<\/dt><\/dl><br style=\"clear: both\" \/>\r\n\t\t<\/div>\n\n<p>&nbsp;<\/p>\n","protected":false},"excerpt":{"rendered":"<p>Je suis install\u00e9 dans ma chambre d\u2019h\u00f4te au-dessus du restaurant \u00ab les quatre saisons \u00bb de Pr\u00e9mery. Finalement la nuit a \u00e9t\u00e9 bonne, ponctu\u00e9e par les heures qui sonnaient au carillon de la Mairie. G\u00e9rard a bien ronfl\u00e9. Le responsable &hellip; <a class=\"more-link\" href=\"http:\/\/alain.lemaitreandco.fr\/blog\/2009\/04\/26\/de-saint-reverien-a-premery-3e-jour\/\">Continue reading <span class=\"meta-nav\">&rarr;<\/span><\/a><\/p>\n","protected":false},"author":1,"featured_media":0,"comment_status":"open","ping_status":"open","sticky":false,"template":"","format":"standard","meta":[],"categories":[3],"tags":[9,47,8],"_links":{"self":[{"href":"http:\/\/alain.lemaitreandco.fr\/blog\/wp-json\/wp\/v2\/posts\/135"}],"collection":[{"href":"http:\/\/alain.lemaitreandco.fr\/blog\/wp-json\/wp\/v2\/posts"}],"about":[{"href":"http:\/\/alain.lemaitreandco.fr\/blog\/wp-json\/wp\/v2\/types\/post"}],"author":[{"embeddable":true,"href":"http:\/\/alain.lemaitreandco.fr\/blog\/wp-json\/wp\/v2\/users\/1"}],"replies":[{"embeddable":true,"href":"http:\/\/alain.lemaitreandco.fr\/blog\/wp-json\/wp\/v2\/comments?post=135"}],"version-history":[{"count":1,"href":"http:\/\/alain.lemaitreandco.fr\/blog\/wp-json\/wp\/v2\/posts\/135\/revisions"}],"predecessor-version":[{"id":136,"href":"http:\/\/alain.lemaitreandco.fr\/blog\/wp-json\/wp\/v2\/posts\/135\/revisions\/136"}],"wp:attachment":[{"href":"http:\/\/alain.lemaitreandco.fr\/blog\/wp-json\/wp\/v2\/media?parent=135"}],"wp:term":[{"taxonomy":"category","embeddable":true,"href":"http:\/\/alain.lemaitreandco.fr\/blog\/wp-json\/wp\/v2\/categories?post=135"},{"taxonomy":"post_tag","embeddable":true,"href":"http:\/\/alain.lemaitreandco.fr\/blog\/wp-json\/wp\/v2\/tags?post=135"}],"curies":[{"name":"wp","href":"https:\/\/api.w.org\/{rel}","templated":true}]}}