{"id":130,"date":"2009-04-25T16:44:50","date_gmt":"2009-04-25T14:44:50","guid":{"rendered":"http:\/\/alain.lemaitreandco.fr\/blog\/?p=130"},"modified":"2011-08-11T09:58:15","modified_gmt":"2011-08-11T07:58:15","slug":"de-corbigny-a-saint-reverien-2e-jour","status":"publish","type":"post","link":"http:\/\/alain.lemaitreandco.fr\/blog\/2009\/04\/25\/de-corbigny-a-saint-reverien-2e-jour\/","title":{"rendered":"de Corbigny \u00e0 Saint-R\u00e9v\u00e9rien (2e jour)"},"content":{"rendered":"<p>Je suis r\u00e9veill\u00e9 \u00e0 6h45 par l\u2019hospitali\u00e8re anglaise qui va en ville chercher du pain. Je pr\u00e9pare mon sac et \u00e0 7h15 je petit-d\u00e9jeune en face de cette femme si sympathique. Elle a d\u00e9j\u00e0 fait le p\u00e9l\u00e9 \u00e0 plusieurs reprises \u00e0 pied et en v\u00e9lo. Elle fait partie de la Confr\u00e9rie de Saint-James (Saint-Jacques) et chaque ann\u00e9e elle vient passer 15 jours dans un refuge. C\u2019est beau le b\u00e9n\u00e9volat !<\/p>\n<p>Dehors changement de d\u00e9cor : il pleut ! Je vais sans la cape jusqu\u2019\u00e0 la boulangerie et une fois charg\u00e9 du pain indispensable, j\u2019enfile la cape (poncho) qui ne me quittera plus jusqu\u2019\u00e0 Saint-R\u00e9verien. J\u2019y suis \u00e0 midi.<\/p>\n<p><a href=\"http:\/\/alain.lemaitreandco.fr\/blog\/2009\/04\/25\/de-corbigny-a-saint-reverien-2e-jour\/p1090003_dxo\/\" rel=\"attachment wp-att-134\"><img loading=\"lazy\" class=\"alignleft size-medium wp-image-134\" title=\"P1090003_DxO\" src=\"http:\/\/alain.lemaitreandco.fr\/blog\/wp-content\/uploads\/2009\/04\/P1090003_DxO-300x168.jpg\" alt=\"\" width=\"300\" height=\"168\" srcset=\"http:\/\/alain.lemaitreandco.fr\/blog\/wp-content\/uploads\/2009\/04\/P1090003_DxO-300x168.jpg 300w, http:\/\/alain.lemaitreandco.fr\/blog\/wp-content\/uploads\/2009\/04\/P1090003_DxO-800x450.jpg 800w, http:\/\/alain.lemaitreandco.fr\/blog\/wp-content\/uploads\/2009\/04\/P1090003_DxO.jpg 1511w\" sizes=\"(max-width: 300px) 100vw, 300px\" \/><\/a>Le refuge est ouvert, l\u2019anglaise ayant pr\u00e9venu que j\u2019arrivais. Je suis seul et le refuge est tout petit : 2 lits superpos\u00e9s et 1 lit de camp. Sanitaires et cuisine impeccables, mais les toilettes sont dehors. Dommage.<\/p>\n<p>Je mange, fais une sieste. Puis constatant qu\u2019il n\u2019y a pas de r\u00e9seau t\u00e9l\u00e9phonique dans le refuge, je vais t\u00e9l\u00e9phoner \u00e0 Marie dans la cabine publique de la place. Cela ne r\u00e9pond pas. J\u2019en profite tout de m\u00eame pour appeler un restaurant \u00e0 Pr\u00e9mery qui fait aussi chambre d\u2019h\u00f4te et je r\u00e9serve pour demain soir : repas, chambre et petit d\u00e9jeuner pour 51 euros. C\u2019est plus cher qu\u2019un refuge !<\/p>\n<p>Pendant que je t\u00e9l\u00e9phonais arrive un couple avec sacs \u00e0 dos : G\u00e9rard et Colette sont en route pour Saint-Jacques et pensaient \u00eatre seuls dans le refuge ce soir ! Nous faisons connaissance et finalement on d\u00e9cide que je prendrai le lit de camp.<\/p>\n<p>La responsable du g\u00eete nous rejoint bient\u00f4t, nous inscrit et nous discutons longuement sur la mort des campagnes. A Saint-R\u00e9v\u00e9rien il y avait un boulanger, un h\u00f4tel, un bistrot, une poste\u2026tout cela est fini. 200 habitants vieillissants ne suffisent plus \u00e0 nourrir et \u00e0 rentabiliser ces services.<\/p>\n<p>Je r\u00e9ussis \u00e0 joindre Marie au t\u00e9l\u00e9phone mais abr\u00e8ge la conversation car \u00e0 18 heures il y a la messe du week-end. Nous y allons\u00a0 tous les trois. L\u2019\u00e9glise est tr\u00e8s belle mais il y fait un froid intense. Je grelotte dans mes v\u00eatements mouill\u00e9s.<\/p>\n<p>G\u00e9rard, apr\u00e8s la messe, se met aux fourneaux et nous fait des nouilles \u00e0 la sauce tomate. Puis la conversation d\u00e9marre sur la messe et j\u2019apprends bient\u00f4t qu\u2019ils entreprennent ce p\u00e8lerinage car ils viennent de perdre un de leur deux fils qui avait 36 ans : St\u00e9phane. Nous discutons longuement.<\/p>\n<p>A 22 heures, au lit.<\/p>\n\r\n\t\t<style type='text\/css'>\r\n\t\t\t#gallery-1 {\r\n\t\t\t\tmargin: auto;\r\n\t\t\t}\r\n\t\t\t#gallery-1 .gallery-item {\r\n\t\t\t\tfloat: left;\r\n\t\t\t\tmargin-top: 10px;\r\n\t\t\t\ttext-align: center;\r\n\t\t\t\twidth: 33%;\r\n\t\t\t}\r\n\t\t\t#gallery-1 img {\r\n\t\t\t\tborder: 2px solid #cfcfcf;\r\n\t\t\t}\r\n\t\t\t#gallery-1 .gallery-caption {\r\n\t\t\t\tmargin-left: 0;\r\n\t\t\t}\r\n\t\t<\/style>\r\n\t\t<!-- see gallery_shortcode() in wp-includes\/media.php -->\n\t\t<div id='gallery-1' class='gallery galleryid-130 gallery-columns-3 gallery-size-thumbnail gallery1'><script type=\"text\/javascript\">\r\n\/\/ <![CDATA[\r\n\tjQuery(document).ready(function () {\r\n\t\tjQuery(\".gallery1 a\").attr(\"rel\",\"gallery1\");\t\r\n\t\tjQuery('a[rel=\"gallery1\"]').colorbox({maxWidth:\"95%\", maxHeight:\"95%\",title: function(){ return jQuery(this).children().attr(\"alt\"); }, });\r\n\t});\r\n\/\/ ]]>\r\n<\/script>\n<dl class=\"gallery-item\">\n<dt class=\"gallery-icon\">\r\n<a href=\"http:\/\/alain.lemaitreandco.fr\/blog\/wp-content\/uploads\/2009\/04\/P1090001_DxO-800x450.jpg\" title=\"\" rel=\"gallery1\"><img src=\"http:\/\/alain.lemaitreandco.fr\/blog\/wp-content\/uploads\/2009\/04\/P1090001_DxO-150x150.jpg\" width=\"150\" height=\"150\" alt=\"\" \/><\/a>\r\n<\/dt><\/dl><dl class=\"gallery-item\">\n<dt class=\"gallery-icon\">\r\n<a href=\"http:\/\/alain.lemaitreandco.fr\/blog\/wp-content\/uploads\/2009\/04\/P1090002_DxO-800x450.jpg\" title=\"\" rel=\"gallery1\"><img src=\"http:\/\/alain.lemaitreandco.fr\/blog\/wp-content\/uploads\/2009\/04\/P1090002_DxO-150x150.jpg\" width=\"150\" height=\"150\" alt=\"\" \/><\/a>\r\n<\/dt><\/dl><dl class=\"gallery-item\">\n<dt class=\"gallery-icon\">\r\n<a href=\"http:\/\/alain.lemaitreandco.fr\/blog\/wp-content\/uploads\/2009\/04\/P1090003_DxO-800x450.jpg\" title=\"\" rel=\"gallery1\"><img src=\"http:\/\/alain.lemaitreandco.fr\/blog\/wp-content\/uploads\/2009\/04\/P1090003_DxO-150x150.jpg\" width=\"150\" height=\"150\" alt=\"\" \/><\/a>\r\n<\/dt><\/dl><br style=\"clear: both\" \/>\r\n\t\t<\/div>\n\n<p>&nbsp;<\/p>\n","protected":false},"excerpt":{"rendered":"<p>Je suis r\u00e9veill\u00e9 \u00e0 6h45 par l\u2019hospitali\u00e8re anglaise qui va en ville chercher du pain. Je pr\u00e9pare mon sac et \u00e0 7h15 je petit-d\u00e9jeune en face de cette femme si sympathique. Elle a d\u00e9j\u00e0 fait le p\u00e9l\u00e9 \u00e0 plusieurs reprises &hellip; <a class=\"more-link\" href=\"http:\/\/alain.lemaitreandco.fr\/blog\/2009\/04\/25\/de-corbigny-a-saint-reverien-2e-jour\/\">Continue reading <span class=\"meta-nav\">&rarr;<\/span><\/a><\/p>\n","protected":false},"author":1,"featured_media":0,"comment_status":"open","ping_status":"open","sticky":false,"template":"","format":"standard","meta":[],"categories":[3],"tags":[9,47,8],"_links":{"self":[{"href":"http:\/\/alain.lemaitreandco.fr\/blog\/wp-json\/wp\/v2\/posts\/130"}],"collection":[{"href":"http:\/\/alain.lemaitreandco.fr\/blog\/wp-json\/wp\/v2\/posts"}],"about":[{"href":"http:\/\/alain.lemaitreandco.fr\/blog\/wp-json\/wp\/v2\/types\/post"}],"author":[{"embeddable":true,"href":"http:\/\/alain.lemaitreandco.fr\/blog\/wp-json\/wp\/v2\/users\/1"}],"replies":[{"embeddable":true,"href":"http:\/\/alain.lemaitreandco.fr\/blog\/wp-json\/wp\/v2\/comments?post=130"}],"version-history":[{"count":1,"href":"http:\/\/alain.lemaitreandco.fr\/blog\/wp-json\/wp\/v2\/posts\/130\/revisions"}],"predecessor-version":[{"id":131,"href":"http:\/\/alain.lemaitreandco.fr\/blog\/wp-json\/wp\/v2\/posts\/130\/revisions\/131"}],"wp:attachment":[{"href":"http:\/\/alain.lemaitreandco.fr\/blog\/wp-json\/wp\/v2\/media?parent=130"}],"wp:term":[{"taxonomy":"category","embeddable":true,"href":"http:\/\/alain.lemaitreandco.fr\/blog\/wp-json\/wp\/v2\/categories?post=130"},{"taxonomy":"post_tag","embeddable":true,"href":"http:\/\/alain.lemaitreandco.fr\/blog\/wp-json\/wp\/v2\/tags?post=130"}],"curies":[{"name":"wp","href":"https:\/\/api.w.org\/{rel}","templated":true}]}}