{"id":13,"date":"2009-04-07T14:34:01","date_gmt":"2009-04-07T12:34:01","guid":{"rendered":"http:\/\/alain.lemaitreandco.fr\/blog\/?p=13"},"modified":"2011-08-03T14:34:40","modified_gmt":"2011-08-03T12:34:40","slug":"important-changement","status":"publish","type":"post","link":"http:\/\/alain.lemaitreandco.fr\/blog\/2009\/04\/07\/important-changement\/","title":{"rendered":"Important changement"},"content":{"rendered":"<p>Finalement, je change de moyen de locomotion pour mon p\u00e8lerinage !<\/p>\n<p>J&rsquo;avais, ancr\u00e9e en moi, la conviction que la vraie mani\u00e8re de faire un p\u00e8lerinage c&rsquo;est de le faire \u00e0 pied, mais je ne pouvais m&rsquo;y r\u00e9soudre : trop d&rsquo;incertitudes quant \u00e0 la logistique (h\u00e9bergements et repas) me poussaient \u00e0 utiliser le v\u00e9lo qui donne une vraie libert\u00e9. Plusieurs \u00e9v\u00e9nements m&rsquo;ont pouss\u00e9 \u00e0 revenir sur cette d\u00e9cision :<\/p>\n<ul>\n<li>Alain Michenon, le v\u00e9lociste, n&rsquo;a pas r\u00e9ussi \u00e0 trouver les d\u00e9veloppements qui auraient \u00e9t\u00e9 n\u00e9cessaires pour mon entreprise ; mon v\u00e9lo \u00e9tant trop vieux les normes ont chang\u00e9 entre temps,<\/li>\n<li>Christophe au t\u00e9l\u00e9phone, me rappelle en apprenant mon projet qu'\u00a0\u00bbon ne prie bien qu&rsquo;avec les pieds\u00a0\u00bb,<\/li>\n<li>La credencial (carnet de route du p\u00e8lerin) que j&rsquo;avais demand\u00e9e en sp\u00e9cifiant \u00ab\u00a0\u00e0 v\u00e9lo\u00a0\u00bb est arriv\u00e9e avec la mention \u00ab\u00a0\u00e0 pied\u00a0\u00bb !<\/li>\n<\/ul>\n<p>A Paris, j&rsquo;ai achet\u00e9 une paire de chaussures dans laquelle je me sens tr\u00e8s bien. Le vendeur du \u00ab\u00a0Vieux Campeur\u00a0\u00bb m&rsquo;a assur\u00e9 que c&rsquo;\u00e9tait ce qu&rsquo;il me fallait. J&rsquo;ai achet\u00e9, sur les m\u00eames conseils, deux paires de socquettes qui pr\u00e9sentent la particularit\u00e9 de ne pas \u00eatre interchangeables : il y a celles de gauche et celles de droite. Ce sont des socquettes pour le \u00ab\u00a0trekking\u00a0\u00bb. Pour finir, j&rsquo;ai achet\u00e9 une pommade \u00ab\u00a0Nok Akileine\u00a0\u00bb dont on m&rsquo;a dit le plus grand bien.<\/p>\n<p>Il ne me reste plus qu&rsquo;\u00e0 finir mon entra\u00eenement en marchant avec le sac \u00e0 dos charg\u00e9 et \u00e0 roder tout cet \u00e9quipement ainsi que&#8230; mes pieds.<\/p>\n","protected":false},"excerpt":{"rendered":"<p>Finalement, je change de moyen de locomotion pour mon p\u00e8lerinage ! J&rsquo;avais, ancr\u00e9e en moi, la conviction que la vraie mani\u00e8re de faire un p\u00e8lerinage c&rsquo;est de le faire \u00e0 pied, mais je ne pouvais m&rsquo;y r\u00e9soudre : trop d&rsquo;incertitudes &hellip; <a class=\"more-link\" href=\"http:\/\/alain.lemaitreandco.fr\/blog\/2009\/04\/07\/important-changement\/\">Continue reading <span class=\"meta-nav\">&rarr;<\/span><\/a><\/p>\n","protected":false},"author":1,"featured_media":0,"comment_status":"open","ping_status":"open","sticky":false,"template":"","format":"standard","meta":[],"categories":[3],"tags":[],"_links":{"self":[{"href":"http:\/\/alain.lemaitreandco.fr\/blog\/wp-json\/wp\/v2\/posts\/13"}],"collection":[{"href":"http:\/\/alain.lemaitreandco.fr\/blog\/wp-json\/wp\/v2\/posts"}],"about":[{"href":"http:\/\/alain.lemaitreandco.fr\/blog\/wp-json\/wp\/v2\/types\/post"}],"author":[{"embeddable":true,"href":"http:\/\/alain.lemaitreandco.fr\/blog\/wp-json\/wp\/v2\/users\/1"}],"replies":[{"embeddable":true,"href":"http:\/\/alain.lemaitreandco.fr\/blog\/wp-json\/wp\/v2\/comments?post=13"}],"version-history":[{"count":1,"href":"http:\/\/alain.lemaitreandco.fr\/blog\/wp-json\/wp\/v2\/posts\/13\/revisions"}],"predecessor-version":[{"id":14,"href":"http:\/\/alain.lemaitreandco.fr\/blog\/wp-json\/wp\/v2\/posts\/13\/revisions\/14"}],"wp:attachment":[{"href":"http:\/\/alain.lemaitreandco.fr\/blog\/wp-json\/wp\/v2\/media?parent=13"}],"wp:term":[{"taxonomy":"category","embeddable":true,"href":"http:\/\/alain.lemaitreandco.fr\/blog\/wp-json\/wp\/v2\/categories?post=13"},{"taxonomy":"post_tag","embeddable":true,"href":"http:\/\/alain.lemaitreandco.fr\/blog\/wp-json\/wp\/v2\/tags?post=13"}],"curies":[{"name":"wp","href":"https:\/\/api.w.org\/{rel}","templated":true}]}}