{"id":1278,"date":"2009-06-14T22:51:18","date_gmt":"2009-06-14T20:51:18","guid":{"rendered":"http:\/\/alain.lemaitreandco.fr\/blog\/?p=1278"},"modified":"2011-08-06T22:56:03","modified_gmt":"2011-08-06T20:56:03","slug":"de-el-burgo-ranero-a-puente-villarente-52e-jour","status":"publish","type":"post","link":"http:\/\/alain.lemaitreandco.fr\/blog\/2009\/06\/14\/de-el-burgo-ranero-a-puente-villarente-52e-jour\/","title":{"rendered":"de El Burgo Ranero \u00e0 Puente Villarente (52e jour)"},"content":{"rendered":"<p>Comme nous sommes seuls tous les quatre dans notre chambre, nous pouvons nous r\u00e9veiller et nous pr\u00e9parer sans risquer de r\u00e9veiller d&rsquo;autres p\u00e8lerins. C&rsquo;est plus agr\u00e9able et appr\u00e9ciable qu&rsquo;on peut le penser.<\/p>\n<p>D\u00e9part \u00e0 6 heures 15 apr\u00e8s un petit d\u00e9jeuner au restaurant d\u2019hier. Ils sont bien courageux de se lever si t\u00f4t pour nous !<\/p>\n<p><a href=\"http:\/\/alain.lemaitreandco.fr\/blog\/2009\/06\/14\/de-el-burgo-ranero-a-puente-villarente-52e-jour\/p1590009_dxo\/\" rel=\"attachment wp-att-1287\"><img loading=\"lazy\" class=\"alignleft size-medium wp-image-1287\" title=\"P1590009_DxO\" src=\"http:\/\/alain.lemaitreandco.fr\/blog\/wp-content\/uploads\/2011\/08\/P1590009_DxO-300x168.jpg\" alt=\"\" width=\"210\" height=\"118\" srcset=\"http:\/\/alain.lemaitreandco.fr\/blog\/wp-content\/uploads\/2011\/08\/P1590009_DxO-300x168.jpg 300w, http:\/\/alain.lemaitreandco.fr\/blog\/wp-content\/uploads\/2011\/08\/P1590009_DxO-800x450.jpg 800w, http:\/\/alain.lemaitreandco.fr\/blog\/wp-content\/uploads\/2011\/08\/P1590009_DxO.jpg 1511w\" sizes=\"(max-width: 210px) 100vw, 210px\" \/><\/a>Nous devons parcourir douze kilom\u00e8tres sans un village. Le premier sera Reliego o\u00f9 nous entrevoyons Marion qui visiblement vient de faire une pause caf\u00e9. Elle marche devant nous mais petit \u00e0 petit nous distance, elle est vraiment plus rapide que nous ! A Mansilla de las Mulas, elle nous a rep\u00e9r\u00e9s et nous attend. Nous allons tous les cinq boire un coup et nous lui faisons nos adieux. Elle prend un bus l\u2019apr\u00e8s midi pour Madrid.<\/p>\n<p>A 11 heures 30 nous sommes rendus \u00e0 Puente\u00a0 Villarente. Le g\u00eete est agr\u00e9able, il a \u00e9t\u00e9 am\u00e9nag\u00e9 dans une ancienne ferme selon toute vraisemblance. Nous d\u00e9jeunons \u00e0 midi dans un restaurant voisin. Un bel orage \u00e9clate alors que nous faisons la sieste mais heureusement certains veillaient et ont pu mettre le linge qui s\u00e9chait \u00e0 l&rsquo;abri.<\/p>\n<p>Le repas du soir est servi au refuge. La patronne est de Mulhouse mais a un peu perdu son fran\u00e7ais car elle vit en Espagne depuis tr\u00e8s longtemps.<\/p>\n\r\n\t\t<style type='text\/css'>\r\n\t\t\t#gallery-1 {\r\n\t\t\t\tmargin: auto;\r\n\t\t\t}\r\n\t\t\t#gallery-1 .gallery-item {\r\n\t\t\t\tfloat: left;\r\n\t\t\t\tmargin-top: 10px;\r\n\t\t\t\ttext-align: center;\r\n\t\t\t\twidth: 33%;\r\n\t\t\t}\r\n\t\t\t#gallery-1 img {\r\n\t\t\t\tborder: 2px solid #cfcfcf;\r\n\t\t\t}\r\n\t\t\t#gallery-1 .gallery-caption {\r\n\t\t\t\tmargin-left: 0;\r\n\t\t\t}\r\n\t\t<\/style>\r\n\t\t<!-- see gallery_shortcode() in wp-includes\/media.php -->\n\t\t<div id='gallery-1' class='gallery galleryid-1278 gallery-columns-3 gallery-size-thumbnail gallery1'><script type=\"text\/javascript\">\r\n\/\/ <![CDATA[\r\n\tjQuery(document).ready(function () {\r\n\t\tjQuery(\".gallery1 a\").attr(\"rel\",\"gallery1\");\t\r\n\t\tjQuery('a[rel=\"gallery1\"]').colorbox({maxWidth:\"95%\", maxHeight:\"95%\",title: function(){ return jQuery(this).children().attr(\"alt\"); }, });\r\n\t});\r\n\/\/ ]]>\r\n<\/script>\n<dl class=\"gallery-item\">\n<dt class=\"gallery-icon\">\r\n<a href=\"http:\/\/alain.lemaitreandco.fr\/blog\/wp-content\/uploads\/2011\/08\/P1590001_DxO-800x450.jpg\" title=\"\" rel=\"gallery1\"><img src=\"http:\/\/alain.lemaitreandco.fr\/blog\/wp-content\/uploads\/2011\/08\/P1590001_DxO-150x150.jpg\" width=\"150\" height=\"150\" alt=\"\" \/><\/a>\r\n<\/dt><\/dl><dl class=\"gallery-item\">\n<dt class=\"gallery-icon\">\r\n<a href=\"http:\/\/alain.lemaitreandco.fr\/blog\/wp-content\/uploads\/2011\/08\/P1590002_DxO-800x450.jpg\" title=\"\" rel=\"gallery1\"><img src=\"http:\/\/alain.lemaitreandco.fr\/blog\/wp-content\/uploads\/2011\/08\/P1590002_DxO-150x150.jpg\" width=\"150\" height=\"150\" alt=\"\" \/><\/a>\r\n<\/dt><\/dl><dl class=\"gallery-item\">\n<dt class=\"gallery-icon\">\r\n<a href=\"http:\/\/alain.lemaitreandco.fr\/blog\/wp-content\/uploads\/2011\/08\/P1590003_DxO-800x450.jpg\" title=\"\" rel=\"gallery1\"><img src=\"http:\/\/alain.lemaitreandco.fr\/blog\/wp-content\/uploads\/2011\/08\/P1590003_DxO-150x150.jpg\" width=\"150\" height=\"150\" alt=\"\" \/><\/a>\r\n<\/dt><\/dl><br style=\"clear: both\" \/><dl class=\"gallery-item\">\n<dt class=\"gallery-icon\">\r\n<a href=\"http:\/\/alain.lemaitreandco.fr\/blog\/wp-content\/uploads\/2011\/08\/P1590004_DxO-800x450.jpg\" title=\"\" rel=\"gallery1\"><img src=\"http:\/\/alain.lemaitreandco.fr\/blog\/wp-content\/uploads\/2011\/08\/P1590004_DxO-150x150.jpg\" width=\"150\" height=\"150\" alt=\"\" \/><\/a>\r\n<\/dt><\/dl><dl class=\"gallery-item\">\n<dt class=\"gallery-icon\">\r\n<a href=\"http:\/\/alain.lemaitreandco.fr\/blog\/wp-content\/uploads\/2011\/08\/P1590005_DxO-800x450.jpg\" title=\"\" rel=\"gallery1\"><img src=\"http:\/\/alain.lemaitreandco.fr\/blog\/wp-content\/uploads\/2011\/08\/P1590005_DxO-150x150.jpg\" width=\"150\" height=\"150\" alt=\"\" \/><\/a>\r\n<\/dt><\/dl><dl class=\"gallery-item\">\n<dt class=\"gallery-icon\">\r\n<a href=\"http:\/\/alain.lemaitreandco.fr\/blog\/wp-content\/uploads\/2011\/08\/P1590006_DxO-800x450.jpg\" title=\"\" rel=\"gallery1\"><img src=\"http:\/\/alain.lemaitreandco.fr\/blog\/wp-content\/uploads\/2011\/08\/P1590006_DxO-150x150.jpg\" width=\"150\" height=\"150\" alt=\"\" \/><\/a>\r\n<\/dt><\/dl><br style=\"clear: both\" \/><dl class=\"gallery-item\">\n<dt class=\"gallery-icon\">\r\n<a href=\"http:\/\/alain.lemaitreandco.fr\/blog\/wp-content\/uploads\/2011\/08\/P1590007_DxO-800x450.jpg\" title=\"\" rel=\"gallery1\"><img src=\"http:\/\/alain.lemaitreandco.fr\/blog\/wp-content\/uploads\/2011\/08\/P1590007_DxO-150x150.jpg\" width=\"150\" height=\"150\" alt=\"\" \/><\/a>\r\n<\/dt><\/dl><dl class=\"gallery-item\">\n<dt class=\"gallery-icon\">\r\n<a href=\"http:\/\/alain.lemaitreandco.fr\/blog\/wp-content\/uploads\/2011\/08\/P1590008_DxO-337x600.jpg\" title=\"\" rel=\"gallery1\"><img src=\"http:\/\/alain.lemaitreandco.fr\/blog\/wp-content\/uploads\/2011\/08\/P1590008_DxO-150x150.jpg\" width=\"150\" height=\"150\" alt=\"\" \/><\/a>\r\n<\/dt><\/dl><dl class=\"gallery-item\">\n<dt class=\"gallery-icon\">\r\n<a href=\"http:\/\/alain.lemaitreandco.fr\/blog\/wp-content\/uploads\/2011\/08\/P1590009_DxO-800x450.jpg\" title=\"\" rel=\"gallery1\"><img src=\"http:\/\/alain.lemaitreandco.fr\/blog\/wp-content\/uploads\/2011\/08\/P1590009_DxO-150x150.jpg\" width=\"150\" height=\"150\" alt=\"\" \/><\/a>\r\n<\/dt><\/dl><br style=\"clear: both\" \/><dl class=\"gallery-item\">\n<dt class=\"gallery-icon\">\r\n<a href=\"http:\/\/alain.lemaitreandco.fr\/blog\/wp-content\/uploads\/2011\/08\/P1590010_DxO-336x600.jpg\" title=\"\" rel=\"gallery1\"><img src=\"http:\/\/alain.lemaitreandco.fr\/blog\/wp-content\/uploads\/2011\/08\/P1590010_DxO-150x150.jpg\" width=\"150\" height=\"150\" alt=\"\" \/><\/a>\r\n<\/dt><\/dl><dl class=\"gallery-item\">\n<dt class=\"gallery-icon\">\r\n<a href=\"http:\/\/alain.lemaitreandco.fr\/blog\/wp-content\/uploads\/2011\/08\/P1590011_DxO-800x450.jpg\" title=\"\" rel=\"gallery1\"><img src=\"http:\/\/alain.lemaitreandco.fr\/blog\/wp-content\/uploads\/2011\/08\/P1590011_DxO-150x150.jpg\" width=\"150\" height=\"150\" alt=\"\" \/><\/a>\r\n<\/dt><\/dl>\r\n\t\t\t<br style='clear: both' \/>\r\n\t\t<\/div>\n\n","protected":false},"excerpt":{"rendered":"<p>Comme nous sommes seuls tous les quatre dans notre chambre, nous pouvons nous r\u00e9veiller et nous pr\u00e9parer sans risquer de r\u00e9veiller d&rsquo;autres p\u00e8lerins. C&rsquo;est plus agr\u00e9able et appr\u00e9ciable qu&rsquo;on peut le penser. D\u00e9part \u00e0 6 heures 15 apr\u00e8s un petit &hellip; <a class=\"more-link\" href=\"http:\/\/alain.lemaitreandco.fr\/blog\/2009\/06\/14\/de-el-burgo-ranero-a-puente-villarente-52e-jour\/\">Continue reading <span class=\"meta-nav\">&rarr;<\/span><\/a><\/p>\n","protected":false},"author":1,"featured_media":0,"comment_status":"open","ping_status":"open","sticky":false,"template":"","format":"standard","meta":[],"categories":[3],"tags":[10,9,47],"_links":{"self":[{"href":"http:\/\/alain.lemaitreandco.fr\/blog\/wp-json\/wp\/v2\/posts\/1278"}],"collection":[{"href":"http:\/\/alain.lemaitreandco.fr\/blog\/wp-json\/wp\/v2\/posts"}],"about":[{"href":"http:\/\/alain.lemaitreandco.fr\/blog\/wp-json\/wp\/v2\/types\/post"}],"author":[{"embeddable":true,"href":"http:\/\/alain.lemaitreandco.fr\/blog\/wp-json\/wp\/v2\/users\/1"}],"replies":[{"embeddable":true,"href":"http:\/\/alain.lemaitreandco.fr\/blog\/wp-json\/wp\/v2\/comments?post=1278"}],"version-history":[{"count":1,"href":"http:\/\/alain.lemaitreandco.fr\/blog\/wp-json\/wp\/v2\/posts\/1278\/revisions"}],"predecessor-version":[{"id":1290,"href":"http:\/\/alain.lemaitreandco.fr\/blog\/wp-json\/wp\/v2\/posts\/1278\/revisions\/1290"}],"wp:attachment":[{"href":"http:\/\/alain.lemaitreandco.fr\/blog\/wp-json\/wp\/v2\/media?parent=1278"}],"wp:term":[{"taxonomy":"category","embeddable":true,"href":"http:\/\/alain.lemaitreandco.fr\/blog\/wp-json\/wp\/v2\/categories?post=1278"},{"taxonomy":"post_tag","embeddable":true,"href":"http:\/\/alain.lemaitreandco.fr\/blog\/wp-json\/wp\/v2\/tags?post=1278"}],"curies":[{"name":"wp","href":"https:\/\/api.w.org\/{rel}","templated":true}]}}