{"id":1225,"date":"2009-06-11T16:03:11","date_gmt":"2009-06-11T14:03:11","guid":{"rendered":"http:\/\/alain.lemaitreandco.fr\/blog\/?p=1225"},"modified":"2011-08-06T16:10:59","modified_gmt":"2011-08-06T14:10:59","slug":"de-boadilla-del-camino-a-carrion-de-los-condes-49e-jour","status":"publish","type":"post","link":"http:\/\/alain.lemaitreandco.fr\/blog\/2009\/06\/11\/de-boadilla-del-camino-a-carrion-de-los-condes-49e-jour\/","title":{"rendered":"de Boadilla del Camino \u00e0 Carri\u00f3n de los Condes (49e jour)"},"content":{"rendered":"<p><a href=\"http:\/\/alain.lemaitreandco.fr\/blog\/2009\/06\/11\/de-boadilla-del-camino-a-carrion-de-los-condes-49e-jour\/p1560004_dxo\/\" rel=\"attachment wp-att-1229\"><img loading=\"lazy\" class=\"alignnone size-large wp-image-1229\" title=\"P1560004_DxO\" src=\"http:\/\/alain.lemaitreandco.fr\/blog\/wp-content\/uploads\/2011\/08\/P1560004_DxO-800x450.jpg\" alt=\"\" width=\"640\" height=\"360\" srcset=\"http:\/\/alain.lemaitreandco.fr\/blog\/wp-content\/uploads\/2011\/08\/P1560004_DxO-800x450.jpg 800w, http:\/\/alain.lemaitreandco.fr\/blog\/wp-content\/uploads\/2011\/08\/P1560004_DxO-300x168.jpg 300w, http:\/\/alain.lemaitreandco.fr\/blog\/wp-content\/uploads\/2011\/08\/P1560004_DxO.jpg 1511w\" sizes=\"(max-width: 640px) 100vw, 640px\" \/><\/a><\/p>\n<p>Le beau temps revient et avec lui la chaleur, ce qui justifie encore plus le d\u00e9part matinal et l\u2019arriv\u00e9e avant qu\u2019il ne fasse trop chaud.<\/p>\n<p><a href=\"http:\/\/alain.lemaitreandco.fr\/blog\/2009\/06\/11\/de-boadilla-del-camino-a-carrion-de-los-condes-49e-jour\/p1560022_dxo\/\" rel=\"attachment wp-att-1246\"><img loading=\"lazy\" class=\"alignright size-medium wp-image-1246\" title=\"P1560022_DxO\" src=\"http:\/\/alain.lemaitreandco.fr\/blog\/wp-content\/uploads\/2011\/08\/P1560022_DxO-300x168.jpg\" alt=\"\" width=\"180\" height=\"101\" srcset=\"http:\/\/alain.lemaitreandco.fr\/blog\/wp-content\/uploads\/2011\/08\/P1560022_DxO-300x168.jpg 300w, http:\/\/alain.lemaitreandco.fr\/blog\/wp-content\/uploads\/2011\/08\/P1560022_DxO-800x450.jpg 800w, http:\/\/alain.lemaitreandco.fr\/blog\/wp-content\/uploads\/2011\/08\/P1560022_DxO.jpg 1511w\" sizes=\"(max-width: 180px) 100vw, 180px\" \/><\/a>Nous sommes chez des s\u0153urs au monast\u00e8re du Saint Esprit. Dortoirs d\u2019une douzaine de lits non superpos\u00e9s, super ! Douches et WC en nombre : le luxe ! J\u2019ai tout lav\u00e9, y compris la polaire et le pantalon long.<\/p>\n<p>Excellent d\u00e9jeuner avec des cailles au menu p\u00e8lerin \u00e0 9 euros ! Le soir, apr\u00e8s d\u00eener, messe suivie de la b\u00e9n\u00e9diction des p\u00e8lerins. Le cur\u00e9 nous interroge sur nos origines, puis au cours de la pri\u00e8re fait lire un extrait d&rsquo;une lettre de Saint Paul dans chaque langue (espagnol, italien, allemand, anglais, fran\u00e7ais, br\u00e9silien, cor\u00e9en). Puis, apr\u00e8s la b\u00e9n\u00e9diction il nous explique son \u00e9glise, Santa Maria del Camino.<\/p>\n<p>Le Chemin est un lieu de rencontre extraordinaire de p\u00e8lerins de toutes nationalit\u00e9s :<\/p>\n<ul>\n<li>J&rsquo;ai d\u00e9j\u00e0 parl\u00e9 des deux allemandes de nos \u00e2ges, Heny et Marion, avec parfois une jeune de 25 ans qui marche tr\u00e8s fort. L\u00e0 le lien c\u2019est Heny qui a habit\u00e9 en Argentine et parle espagnol avec un accent argentin m\u00eal\u00e9 d\u2019allemand.<\/li>\n<li>J&rsquo;ai dit un mot \u00e9galement du groupe de 3 hommes, 2 fran\u00e7ais et un canadien, qui sont partis ensemble du Puy fin avril. Par contre, je n&rsquo;ai jamais parl\u00e9 d&rsquo;une fran\u00e7aise discr\u00e8te et sympa, Marie-Odile, bretonne, qui est partie elle aussi du Puy. Prof de fran\u00e7ais \u00e0 la retraite, elle est f\u00e9rue en Grande Randonn\u00e9e et est baliseuse officielle. Elle a pris le bus hier pour Le\u00f3n car elle a des imp\u00e9ratifs de date et veut \u00e9galement aller au Cap Finisterre.<\/li>\n<li>Il y a un groupe de 4 italiens qui se sont rencontr\u00e9s en chemin. Le personnage central est un homme de 60 ans, Ferrugio, qui est parti de Rome \u00e0 pied, il parle de nombreuses langues dont le fran\u00e7ais parfaitement, ce qui est pratique pour se comprendre entre groupes.<\/li>\n<li>On ne peut passer sous silence Pedro, espagnol de 68 ans, qui est plut\u00f4t du genre \u00ab\u00a0moi d&rsquo;abord, moi d&rsquo;abord\u00a0\u00bb ! Nos premiers rapports ont \u00e9t\u00e9 quelque peu tendus car il nous passait r\u00e9guli\u00e8rement devant que ce soit dans les inscriptions aux g\u00eetes ou tout simplement dans les files d&rsquo;attente des commer\u00e7ants ; mais c&rsquo;est en passe de s&rsquo;arranger&#8230; effet du Chemin !&#8230; Pedro a fait la connaissance d&rsquo;un couple plus jeune, Ana et Antonio, tr\u00e8s sympas. Ils doivent \u00eatre un peu pour quelque chose dans l&rsquo;humanisation de Pedro.<\/li>\n<li>A noter, mais j\u2019en ai d\u00e9j\u00e0 parl\u00e9, les 2 couples de br\u00e9siliens.<\/li>\n<\/ul>\n<div><span class=\"Apple-style-span\" style=\"font-size: 14px;\">\r\n\t\t<style type='text\/css'>\r\n\t\t\t#gallery-1 {\r\n\t\t\t\tmargin: auto;\r\n\t\t\t}\r\n\t\t\t#gallery-1 .gallery-item {\r\n\t\t\t\tfloat: left;\r\n\t\t\t\tmargin-top: 10px;\r\n\t\t\t\ttext-align: center;\r\n\t\t\t\twidth: 33%;\r\n\t\t\t}\r\n\t\t\t#gallery-1 img {\r\n\t\t\t\tborder: 2px solid #cfcfcf;\r\n\t\t\t}\r\n\t\t\t#gallery-1 .gallery-caption {\r\n\t\t\t\tmargin-left: 0;\r\n\t\t\t}\r\n\t\t<\/style>\r\n\t\t<!-- see gallery_shortcode() in wp-includes\/media.php -->\n\t\t<div id='gallery-1' class='gallery galleryid-1225 gallery-columns-3 gallery-size-thumbnail gallery1'><script type=\"text\/javascript\">\r\n\/\/ <![CDATA[\r\n\tjQuery(document).ready(function () {\r\n\t\tjQuery(\".gallery1 a\").attr(\"rel\",\"gallery1\");\t\r\n\t\tjQuery('a[rel=\"gallery1\"]').colorbox({maxWidth:\"95%\", maxHeight:\"95%\",title: function(){ return jQuery(this).children().attr(\"alt\"); }, });\r\n\t});\r\n\/\/ ]]>\r\n<\/script>\n<dl class=\"gallery-item\">\n<dt class=\"gallery-icon\">\r\n<a href=\"http:\/\/alain.lemaitreandco.fr\/blog\/wp-content\/uploads\/2011\/08\/P1560001_DxO-800x450.jpg\" title=\"\" rel=\"gallery1\"><img src=\"http:\/\/alain.lemaitreandco.fr\/blog\/wp-content\/uploads\/2011\/08\/P1560001_DxO-150x150.jpg\" width=\"150\" height=\"150\" alt=\"\" \/><\/a>\r\n<\/dt><\/dl><dl class=\"gallery-item\">\n<dt class=\"gallery-icon\">\r\n<a href=\"http:\/\/alain.lemaitreandco.fr\/blog\/wp-content\/uploads\/2011\/08\/P1560002_DxO-800x450.jpg\" title=\"\" rel=\"gallery1\"><img src=\"http:\/\/alain.lemaitreandco.fr\/blog\/wp-content\/uploads\/2011\/08\/P1560002_DxO-150x150.jpg\" width=\"150\" height=\"150\" alt=\"\" \/><\/a>\r\n<\/dt><\/dl><dl class=\"gallery-item\">\n<dt class=\"gallery-icon\">\r\n<a href=\"http:\/\/alain.lemaitreandco.fr\/blog\/wp-content\/uploads\/2011\/08\/P1560003-800x450.jpg\" title=\"\" rel=\"gallery1\"><img src=\"http:\/\/alain.lemaitreandco.fr\/blog\/wp-content\/uploads\/2011\/08\/P1560003-150x150.jpg\" width=\"150\" height=\"150\" alt=\"\" \/><\/a>\r\n<\/dt><\/dl><br style=\"clear: both\" \/><dl class=\"gallery-item\">\n<dt class=\"gallery-icon\">\r\n<a href=\"http:\/\/alain.lemaitreandco.fr\/blog\/wp-content\/uploads\/2011\/08\/P1560004_DxO-800x450.jpg\" title=\"\" rel=\"gallery1\"><img src=\"http:\/\/alain.lemaitreandco.fr\/blog\/wp-content\/uploads\/2011\/08\/P1560004_DxO-150x150.jpg\" width=\"150\" height=\"150\" alt=\"\" \/><\/a>\r\n<\/dt><\/dl><dl class=\"gallery-item\">\n<dt class=\"gallery-icon\">\r\n<a href=\"http:\/\/alain.lemaitreandco.fr\/blog\/wp-content\/uploads\/2011\/08\/P1560005_DxO-800x448.jpg\" title=\"\" rel=\"gallery1\"><img src=\"http:\/\/alain.lemaitreandco.fr\/blog\/wp-content\/uploads\/2011\/08\/P1560005_DxO-150x150.jpg\" width=\"150\" height=\"150\" alt=\"\" \/><\/a>\r\n<\/dt><\/dl><dl class=\"gallery-item\">\n<dt class=\"gallery-icon\">\r\n<a href=\"http:\/\/alain.lemaitreandco.fr\/blog\/wp-content\/uploads\/2011\/08\/P1560006_DxO-800x450.jpg\" title=\"\" rel=\"gallery1\"><img src=\"http:\/\/alain.lemaitreandco.fr\/blog\/wp-content\/uploads\/2011\/08\/P1560006_DxO-150x150.jpg\" width=\"150\" height=\"150\" alt=\"\" \/><\/a>\r\n<\/dt><\/dl><br style=\"clear: both\" \/><dl class=\"gallery-item\">\n<dt class=\"gallery-icon\">\r\n<a href=\"http:\/\/alain.lemaitreandco.fr\/blog\/wp-content\/uploads\/2011\/08\/P1560007_DxO-800x450.jpg\" title=\"\" rel=\"gallery1\"><img src=\"http:\/\/alain.lemaitreandco.fr\/blog\/wp-content\/uploads\/2011\/08\/P1560007_DxO-150x150.jpg\" width=\"150\" height=\"150\" alt=\"\" \/><\/a>\r\n<\/dt><\/dl><dl class=\"gallery-item\">\n<dt class=\"gallery-icon\">\r\n<a href=\"http:\/\/alain.lemaitreandco.fr\/blog\/wp-content\/uploads\/2011\/08\/P1560008_DxO-337x600.jpg\" title=\"\" rel=\"gallery1\"><img src=\"http:\/\/alain.lemaitreandco.fr\/blog\/wp-content\/uploads\/2011\/08\/P1560008_DxO-150x150.jpg\" width=\"150\" height=\"150\" alt=\"\" \/><\/a>\r\n<\/dt><\/dl><dl class=\"gallery-item\">\n<dt class=\"gallery-icon\">\r\n<a href=\"http:\/\/alain.lemaitreandco.fr\/blog\/wp-content\/uploads\/2011\/08\/P1560009_DxO-800x450.jpg\" title=\"\" rel=\"gallery1\"><img src=\"http:\/\/alain.lemaitreandco.fr\/blog\/wp-content\/uploads\/2011\/08\/P1560009_DxO-150x150.jpg\" width=\"150\" height=\"150\" alt=\"\" \/><\/a>\r\n<\/dt><\/dl><br style=\"clear: both\" \/><dl class=\"gallery-item\">\n<dt class=\"gallery-icon\">\r\n<a href=\"http:\/\/alain.lemaitreandco.fr\/blog\/wp-content\/uploads\/2011\/08\/P1560010_DxO-800x450.jpg\" title=\"\" rel=\"gallery1\"><img src=\"http:\/\/alain.lemaitreandco.fr\/blog\/wp-content\/uploads\/2011\/08\/P1560010_DxO-150x150.jpg\" width=\"150\" height=\"150\" alt=\"\" \/><\/a>\r\n<\/dt><\/dl><dl class=\"gallery-item\">\n<dt class=\"gallery-icon\">\r\n<a href=\"http:\/\/alain.lemaitreandco.fr\/blog\/wp-content\/uploads\/2011\/08\/P1560011_DxO-337x600.jpg\" title=\"\" rel=\"gallery1\"><img src=\"http:\/\/alain.lemaitreandco.fr\/blog\/wp-content\/uploads\/2011\/08\/P1560011_DxO-150x150.jpg\" width=\"150\" height=\"150\" alt=\"\" \/><\/a>\r\n<\/dt><\/dl><dl class=\"gallery-item\">\n<dt class=\"gallery-icon\">\r\n<a href=\"http:\/\/alain.lemaitreandco.fr\/blog\/wp-content\/uploads\/2011\/08\/P1560012_DxO-800x450.jpg\" title=\"\" rel=\"gallery1\"><img src=\"http:\/\/alain.lemaitreandco.fr\/blog\/wp-content\/uploads\/2011\/08\/P1560012_DxO-150x150.jpg\" width=\"150\" height=\"150\" alt=\"\" \/><\/a>\r\n<\/dt><\/dl><br style=\"clear: both\" \/><dl class=\"gallery-item\">\n<dt class=\"gallery-icon\">\r\n<a href=\"http:\/\/alain.lemaitreandco.fr\/blog\/wp-content\/uploads\/2011\/08\/P1560013_DxO-337x600.jpg\" title=\"\" rel=\"gallery1\"><img src=\"http:\/\/alain.lemaitreandco.fr\/blog\/wp-content\/uploads\/2011\/08\/P1560013_DxO-150x150.jpg\" width=\"150\" height=\"150\" alt=\"\" \/><\/a>\r\n<\/dt><\/dl><dl class=\"gallery-item\">\n<dt class=\"gallery-icon\">\r\n<a href=\"http:\/\/alain.lemaitreandco.fr\/blog\/wp-content\/uploads\/2011\/08\/P1560014_DxO-800x450.jpg\" title=\"\" rel=\"gallery1\"><img src=\"http:\/\/alain.lemaitreandco.fr\/blog\/wp-content\/uploads\/2011\/08\/P1560014_DxO-150x150.jpg\" width=\"150\" height=\"150\" alt=\"\" \/><\/a>\r\n<\/dt><\/dl><dl class=\"gallery-item\">\n<dt class=\"gallery-icon\">\r\n<a href=\"http:\/\/alain.lemaitreandco.fr\/blog\/wp-content\/uploads\/2011\/08\/P1560015_DxO-337x600.jpg\" title=\"\" rel=\"gallery1\"><img src=\"http:\/\/alain.lemaitreandco.fr\/blog\/wp-content\/uploads\/2011\/08\/P1560015_DxO-150x150.jpg\" width=\"150\" height=\"150\" alt=\"\" \/><\/a>\r\n<\/dt><\/dl><br style=\"clear: both\" \/><dl class=\"gallery-item\">\n<dt class=\"gallery-icon\">\r\n<a href=\"http:\/\/alain.lemaitreandco.fr\/blog\/wp-content\/uploads\/2011\/08\/P1560016_DxO-337x600.jpg\" title=\"\" rel=\"gallery1\"><img src=\"http:\/\/alain.lemaitreandco.fr\/blog\/wp-content\/uploads\/2011\/08\/P1560016_DxO-150x150.jpg\" width=\"150\" height=\"150\" alt=\"\" \/><\/a>\r\n<\/dt><\/dl><dl class=\"gallery-item\">\n<dt class=\"gallery-icon\">\r\n<a href=\"http:\/\/alain.lemaitreandco.fr\/blog\/wp-content\/uploads\/2011\/08\/P1560017_DxO-337x600.jpg\" title=\"\" rel=\"gallery1\"><img src=\"http:\/\/alain.lemaitreandco.fr\/blog\/wp-content\/uploads\/2011\/08\/P1560017_DxO-150x150.jpg\" width=\"150\" height=\"150\" alt=\"\" \/><\/a>\r\n<\/dt><\/dl><dl class=\"gallery-item\">\n<dt class=\"gallery-icon\">\r\n<a href=\"http:\/\/alain.lemaitreandco.fr\/blog\/wp-content\/uploads\/2011\/08\/P1560018_DxO-337x600.jpg\" title=\"\" rel=\"gallery1\"><img src=\"http:\/\/alain.lemaitreandco.fr\/blog\/wp-content\/uploads\/2011\/08\/P1560018_DxO-150x150.jpg\" width=\"150\" height=\"150\" alt=\"\" \/><\/a>\r\n<\/dt><\/dl><br style=\"clear: both\" \/><dl class=\"gallery-item\">\n<dt class=\"gallery-icon\">\r\n<a href=\"http:\/\/alain.lemaitreandco.fr\/blog\/wp-content\/uploads\/2011\/08\/P1560019_DxO-337x600.jpg\" title=\"\" rel=\"gallery1\"><img src=\"http:\/\/alain.lemaitreandco.fr\/blog\/wp-content\/uploads\/2011\/08\/P1560019_DxO-150x150.jpg\" width=\"150\" height=\"150\" alt=\"\" \/><\/a>\r\n<\/dt><\/dl><dl class=\"gallery-item\">\n<dt class=\"gallery-icon\">\r\n<a href=\"http:\/\/alain.lemaitreandco.fr\/blog\/wp-content\/uploads\/2011\/08\/P1560021_DxO-800x450.jpg\" title=\"\" rel=\"gallery1\"><img src=\"http:\/\/alain.lemaitreandco.fr\/blog\/wp-content\/uploads\/2011\/08\/P1560021_DxO-150x150.jpg\" width=\"150\" height=\"150\" alt=\"\" \/><\/a>\r\n<\/dt><\/dl><dl class=\"gallery-item\">\n<dt class=\"gallery-icon\">\r\n<a href=\"http:\/\/alain.lemaitreandco.fr\/blog\/wp-content\/uploads\/2011\/08\/P1560022_DxO-800x450.jpg\" title=\"\" rel=\"gallery1\"><img src=\"http:\/\/alain.lemaitreandco.fr\/blog\/wp-content\/uploads\/2011\/08\/P1560022_DxO-150x150.jpg\" width=\"150\" height=\"150\" alt=\"\" \/><\/a>\r\n<\/dt><\/dl><br style=\"clear: both\" \/>\r\n\t\t<\/div>\n<br \/>\n<\/span><\/div>\n","protected":false},"excerpt":{"rendered":"<p>Le beau temps revient et avec lui la chaleur, ce qui justifie encore plus le d\u00e9part matinal et l\u2019arriv\u00e9e avant qu\u2019il ne fasse trop chaud. Nous sommes chez des s\u0153urs au monast\u00e8re du Saint Esprit. Dortoirs d\u2019une douzaine de lits &hellip; <a class=\"more-link\" href=\"http:\/\/alain.lemaitreandco.fr\/blog\/2009\/06\/11\/de-boadilla-del-camino-a-carrion-de-los-condes-49e-jour\/\">Continue reading <span class=\"meta-nav\">&rarr;<\/span><\/a><\/p>\n","protected":false},"author":1,"featured_media":0,"comment_status":"open","ping_status":"open","sticky":false,"template":"","format":"standard","meta":[],"categories":[3],"tags":[10,9,47],"_links":{"self":[{"href":"http:\/\/alain.lemaitreandco.fr\/blog\/wp-json\/wp\/v2\/posts\/1225"}],"collection":[{"href":"http:\/\/alain.lemaitreandco.fr\/blog\/wp-json\/wp\/v2\/posts"}],"about":[{"href":"http:\/\/alain.lemaitreandco.fr\/blog\/wp-json\/wp\/v2\/types\/post"}],"author":[{"embeddable":true,"href":"http:\/\/alain.lemaitreandco.fr\/blog\/wp-json\/wp\/v2\/users\/1"}],"replies":[{"embeddable":true,"href":"http:\/\/alain.lemaitreandco.fr\/blog\/wp-json\/wp\/v2\/comments?post=1225"}],"version-history":[{"count":1,"href":"http:\/\/alain.lemaitreandco.fr\/blog\/wp-json\/wp\/v2\/posts\/1225\/revisions"}],"predecessor-version":[{"id":1247,"href":"http:\/\/alain.lemaitreandco.fr\/blog\/wp-json\/wp\/v2\/posts\/1225\/revisions\/1247"}],"wp:attachment":[{"href":"http:\/\/alain.lemaitreandco.fr\/blog\/wp-json\/wp\/v2\/media?parent=1225"}],"wp:term":[{"taxonomy":"category","embeddable":true,"href":"http:\/\/alain.lemaitreandco.fr\/blog\/wp-json\/wp\/v2\/categories?post=1225"},{"taxonomy":"post_tag","embeddable":true,"href":"http:\/\/alain.lemaitreandco.fr\/blog\/wp-json\/wp\/v2\/tags?post=1225"}],"curies":[{"name":"wp","href":"https:\/\/api.w.org\/{rel}","templated":true}]}}