{"id":1097,"date":"2009-06-07T11:09:30","date_gmt":"2009-06-07T09:09:30","guid":{"rendered":"http:\/\/alain.lemaitreandco.fr\/blog\/?p=1097"},"modified":"2011-08-06T11:32:05","modified_gmt":"2011-08-06T09:32:05","slug":"de-belorado-a-ages-45e-jour","status":"publish","type":"post","link":"http:\/\/alain.lemaitreandco.fr\/blog\/2009\/06\/07\/de-belorado-a-ages-45e-jour\/","title":{"rendered":"de Belorado \u00e0 Ag\u00e9s (45e jour)"},"content":{"rendered":"<p>La f\u00eate du village avec ses danses folkloriques costum\u00e9es, son spectacle (voir <a href=\"http:\/\/alain.lemaitre54.free.fr\/0904-06Compostelle\/02-CaminoFrances\/44-090606-Belorado\/index.htm\" hreflang=\"fr\" target=\"_blanc\">photos<\/a> d&rsquo;hier) s\u2019est poursuivie jusqu\u2019\u00e0 ce matin, \u00e0 notre d\u00e9part ! Il y a eu un feu d\u2019artifice (\u00e0 ce qu\u2019on m\u2019a dit, avec les bouchons d\u2019oreille je n\u2019ai rien entendu), un d\u00e9fil\u00e9 (passacalle) dans les rues, etc&#8230; Bref \u00e0 5 heures pratiquement tous les p\u00e8lerins \u00e9taient debout et pr\u00e9paraient leur sac. Le responsable du g\u00eete a m\u00eame commenc\u00e9 \u00e0 servir le petit d\u00e9jeuner avant l\u2019heure (6 heures).<\/p>\n<p><a href=\"http:\/\/alain.lemaitreandco.fr\/blog\/2009\/06\/07\/de-belorado-a-ages-45e-jour\/p1520005_dxo\/\" rel=\"attachment wp-att-1102\"><img loading=\"lazy\" class=\"alignnone size-large wp-image-1102\" title=\"P1520005_DxO\" src=\"http:\/\/alain.lemaitreandco.fr\/blog\/wp-content\/uploads\/2011\/08\/P1520005_DxO-800x450.jpg\" alt=\"\" width=\"640\" height=\"360\" srcset=\"http:\/\/alain.lemaitreandco.fr\/blog\/wp-content\/uploads\/2011\/08\/P1520005_DxO-800x450.jpg 800w, http:\/\/alain.lemaitreandco.fr\/blog\/wp-content\/uploads\/2011\/08\/P1520005_DxO-300x168.jpg 300w, http:\/\/alain.lemaitreandco.fr\/blog\/wp-content\/uploads\/2011\/08\/P1520005_DxO.jpg 1511w\" sizes=\"(max-width: 640px) 100vw, 640px\" \/><\/a><\/p>\n<p>A 6 heures 10, Fran\u00e7ois et moi reprenions le chemin pour 28 km car le but est de d\u00e9passer San Juan de Ortega pour atteindre Ag\u00e9s o\u00f9 il y a un plus grand choix de refuges. L\u2019autre int\u00e9r\u00eat c\u2019est de raccourcir un peu celle de demain qui va \u00eatre laborieuse comme \u00e0 chaque fois qu\u2019on entre dans une grande ville, et d\u2019apr\u00e8s ce qu\u2019on sait Burgos a une importante zone industrielle.<\/p>\n<p><a href=\"http:\/\/alain.lemaitreandco.fr\/blog\/2009\/06\/07\/de-belorado-a-ages-45e-jour\/p1520009_dxo\/\" rel=\"attachment wp-att-1106\"><img loading=\"lazy\" class=\"alignright size-medium wp-image-1106\" title=\"P1520009_DxO\" src=\"http:\/\/alain.lemaitreandco.fr\/blog\/wp-content\/uploads\/2011\/08\/P1520009_DxO-300x168.jpg\" alt=\"\" width=\"210\" height=\"118\" srcset=\"http:\/\/alain.lemaitreandco.fr\/blog\/wp-content\/uploads\/2011\/08\/P1520009_DxO-300x168.jpg 300w, http:\/\/alain.lemaitreandco.fr\/blog\/wp-content\/uploads\/2011\/08\/P1520009_DxO-800x450.jpg 800w, http:\/\/alain.lemaitreandco.fr\/blog\/wp-content\/uploads\/2011\/08\/P1520009_DxO.jpg 1511w\" sizes=\"(max-width: 210px) 100vw, 210px\" \/><\/a>C\u2019est une \u00e9tape de moyenne montagne (on monte \u00e0 1160 m\u00e8tres) et il y fait bien froid (un p\u00e8lerin m\u2019a parl\u00e9 de 8 degr\u00e9s, mais je ne sais pas comment il l\u2019a su). Il fait froid et il y a toujours ce vent d\u2019ouest bien en face. Bref, comme \u00e0 chaque fois que \u00e7a monte, Fran\u00e7ois m\u00e8ne la cadence et me largue. A San Juan de Ortega nous visitons l&rsquo;\u00e9glise qui est tr\u00e8s belle, mais \u00e0 part elle, il n&rsquo;y a rien. Nous poursuivons donc sans regret.<\/p>\n<p>Nous arrivons tr\u00e8s t\u00f4t \u00e0 Ag\u00e9s, en fait dans les premiers, ce qui nous donne le privil\u00e8ge de choisir nos lits. On retrouve petit \u00e0 petit tout le monde. Nous avons un peu plus fait connaissance avec les deux fran\u00e7ais et le qu\u00e9becois qui marchent ensemble depuis leur d\u00e9part du Puy le 29 avril et que j&rsquo;avais d\u00e9j\u00e0 remarqu\u00e9s dans l&rsquo;\u00e9tape de Larrasoa\u00f1a. Les allemandes parties avant nous sont \u00e9tonn\u00e9es de nous voir lav\u00e9s et d\u00e9j\u00e0 repos\u00e9s. La jeune allemande a march\u00e9 un bref instant avec nous, juste le temps pour nous de lui faire passer un troupeau de vaches en libert\u00e9, apr\u00e8s elle nous a laiss\u00e9s ; elle marche plus vite que nous.<\/p>\n<p><a href=\"http:\/\/alain.lemaitreandco.fr\/blog\/2009\/06\/07\/de-belorado-a-ages-45e-jour\/p1520014_dxo\/\" rel=\"attachment wp-att-1110\"><img loading=\"lazy\" class=\"alignleft size-thumbnail wp-image-1110\" title=\"P1520014_DxO\" src=\"http:\/\/alain.lemaitreandco.fr\/blog\/wp-content\/uploads\/2011\/08\/P1520014_DxO-150x150.jpg\" alt=\"\" width=\"150\" height=\"150\" \/><\/a>Fran\u00e7ois me fait faire une d\u00e9couverte, de celles que j&rsquo;appelle \u00ab\u00a0les le\u00e7ons du Chemin\u00a0\u00bb : Il me parle d&rsquo;une personne rencontr\u00e9e et me dit \u00ab\u00a0c&rsquo;est quelqu&rsquo;un de tr\u00e8s angoiss\u00e9\u00a0\u00bb, or j&rsquo;avais de cette personne une perception toute autre, je la voyais avec un temp\u00e9rament de chef, et Fran\u00e7ois de me r\u00e9pondre : \u00ab\u00a0ce n&rsquo;est peut-\u00eatre pas incompatible\u00a0\u00bb&#8230; Je crois qu&rsquo;il a raison, il y a bien des gens qui prennent le commandement pour juguler leur peur et ne pas laisser aux autres le soin de d\u00e9cider pour eux, et, \u00e0 y bien r\u00e9fl\u00e9chir, je suis parfois comme cela. C&rsquo;est probablement un manque de confiance dans les autres, voire dans la vie. C&rsquo;est \u00e0 rapprocher de ce besoin de tracer mon propre chemin au lieu de prendre le chemin propos\u00e9 (la petite voix int\u00e9rieure, \u00e0 la sortie d&rsquo;Aixe-sur-Vienne, <a title=\"d\u2019Aixe-sur-Vienne \u00e0 Chalus (18e jour)\" href=\"http:\/\/alain.lemaitreandco.fr\/blog\/2009\/05\/11\/daixe-sur-vienne-a-chalus-18e-jour\/\" hreflang=\"fr\">le 18e jour<\/a>)&#8230; Voil\u00e0 un sujet de m\u00e9ditation pour les prochains jours.<\/p>\n\r\n\t\t<style type='text\/css'>\r\n\t\t\t#gallery-1 {\r\n\t\t\t\tmargin: auto;\r\n\t\t\t}\r\n\t\t\t#gallery-1 .gallery-item {\r\n\t\t\t\tfloat: left;\r\n\t\t\t\tmargin-top: 10px;\r\n\t\t\t\ttext-align: center;\r\n\t\t\t\twidth: 33%;\r\n\t\t\t}\r\n\t\t\t#gallery-1 img {\r\n\t\t\t\tborder: 2px solid #cfcfcf;\r\n\t\t\t}\r\n\t\t\t#gallery-1 .gallery-caption {\r\n\t\t\t\tmargin-left: 0;\r\n\t\t\t}\r\n\t\t<\/style>\r\n\t\t<!-- see gallery_shortcode() in wp-includes\/media.php -->\n\t\t<div id='gallery-1' class='gallery galleryid-1097 gallery-columns-3 gallery-size-thumbnail gallery1'><script type=\"text\/javascript\">\r\n\/\/ <![CDATA[\r\n\tjQuery(document).ready(function () {\r\n\t\tjQuery(\".gallery1 a\").attr(\"rel\",\"gallery1\");\t\r\n\t\tjQuery('a[rel=\"gallery1\"]').colorbox({maxWidth:\"95%\", maxHeight:\"95%\",title: function(){ return jQuery(this).children().attr(\"alt\"); }, });\r\n\t});\r\n\/\/ ]]>\r\n<\/script>\n<dl class=\"gallery-item\">\n<dt class=\"gallery-icon\">\r\n<a href=\"http:\/\/alain.lemaitreandco.fr\/blog\/wp-content\/uploads\/2011\/08\/P1520001_DxO-800x449.jpg\" title=\"\" rel=\"gallery1\"><img src=\"http:\/\/alain.lemaitreandco.fr\/blog\/wp-content\/uploads\/2011\/08\/P1520001_DxO-150x150.jpg\" width=\"150\" height=\"150\" alt=\"\" \/><\/a>\r\n<\/dt><\/dl><dl class=\"gallery-item\">\n<dt class=\"gallery-icon\">\r\n<a href=\"http:\/\/alain.lemaitreandco.fr\/blog\/wp-content\/uploads\/2011\/08\/P1520002_DxO-800x450.jpg\" title=\"\" rel=\"gallery1\"><img src=\"http:\/\/alain.lemaitreandco.fr\/blog\/wp-content\/uploads\/2011\/08\/P1520002_DxO-150x150.jpg\" width=\"150\" height=\"150\" alt=\"\" \/><\/a>\r\n<\/dt><\/dl><dl class=\"gallery-item\">\n<dt class=\"gallery-icon\">\r\n<a href=\"http:\/\/alain.lemaitreandco.fr\/blog\/wp-content\/uploads\/2011\/08\/P1520003_DxO-800x448.jpg\" title=\"\" rel=\"gallery1\"><img src=\"http:\/\/alain.lemaitreandco.fr\/blog\/wp-content\/uploads\/2011\/08\/P1520003_DxO-150x150.jpg\" width=\"150\" height=\"150\" alt=\"\" \/><\/a>\r\n<\/dt><\/dl><br style=\"clear: both\" \/><dl class=\"gallery-item\">\n<dt class=\"gallery-icon\">\r\n<a href=\"http:\/\/alain.lemaitreandco.fr\/blog\/wp-content\/uploads\/2011\/08\/P1520004_DxO-800x450.jpg\" title=\"\" rel=\"gallery1\"><img src=\"http:\/\/alain.lemaitreandco.fr\/blog\/wp-content\/uploads\/2011\/08\/P1520004_DxO-150x150.jpg\" width=\"150\" height=\"150\" alt=\"\" \/><\/a>\r\n<\/dt><\/dl><dl class=\"gallery-item\">\n<dt class=\"gallery-icon\">\r\n<a href=\"http:\/\/alain.lemaitreandco.fr\/blog\/wp-content\/uploads\/2011\/08\/P1520005_DxO-800x450.jpg\" title=\"\" rel=\"gallery1\"><img src=\"http:\/\/alain.lemaitreandco.fr\/blog\/wp-content\/uploads\/2011\/08\/P1520005_DxO-150x150.jpg\" width=\"150\" height=\"150\" alt=\"\" \/><\/a>\r\n<\/dt><\/dl><dl class=\"gallery-item\">\n<dt class=\"gallery-icon\">\r\n<a href=\"http:\/\/alain.lemaitreandco.fr\/blog\/wp-content\/uploads\/2011\/08\/P1520006_DxO-800x450.jpg\" title=\"\" rel=\"gallery1\"><img src=\"http:\/\/alain.lemaitreandco.fr\/blog\/wp-content\/uploads\/2011\/08\/P1520006_DxO-150x150.jpg\" width=\"150\" height=\"150\" alt=\"\" \/><\/a>\r\n<\/dt><\/dl><br style=\"clear: both\" \/><dl class=\"gallery-item\">\n<dt class=\"gallery-icon\">\r\n<a href=\"http:\/\/alain.lemaitreandco.fr\/blog\/wp-content\/uploads\/2011\/08\/P1520007_DxO-800x450.jpg\" title=\"\" rel=\"gallery1\"><img src=\"http:\/\/alain.lemaitreandco.fr\/blog\/wp-content\/uploads\/2011\/08\/P1520007_DxO-150x150.jpg\" width=\"150\" height=\"150\" alt=\"\" \/><\/a>\r\n<\/dt><\/dl><dl class=\"gallery-item\">\n<dt class=\"gallery-icon\">\r\n<a href=\"http:\/\/alain.lemaitreandco.fr\/blog\/wp-content\/uploads\/2011\/08\/P1520008_DxO-800x450.jpg\" title=\"\" rel=\"gallery1\"><img src=\"http:\/\/alain.lemaitreandco.fr\/blog\/wp-content\/uploads\/2011\/08\/P1520008_DxO-150x150.jpg\" width=\"150\" height=\"150\" alt=\"\" \/><\/a>\r\n<\/dt><\/dl><dl class=\"gallery-item\">\n<dt class=\"gallery-icon\">\r\n<a href=\"http:\/\/alain.lemaitreandco.fr\/blog\/wp-content\/uploads\/2011\/08\/P1520009_DxO-800x450.jpg\" title=\"\" rel=\"gallery1\"><img src=\"http:\/\/alain.lemaitreandco.fr\/blog\/wp-content\/uploads\/2011\/08\/P1520009_DxO-150x150.jpg\" width=\"150\" height=\"150\" alt=\"\" \/><\/a>\r\n<\/dt><\/dl><br style=\"clear: both\" \/><dl class=\"gallery-item\">\n<dt class=\"gallery-icon\">\r\n<a href=\"http:\/\/alain.lemaitreandco.fr\/blog\/wp-content\/uploads\/2011\/08\/P1520010_DxO-800x448.jpg\" title=\"\" rel=\"gallery1\"><img src=\"http:\/\/alain.lemaitreandco.fr\/blog\/wp-content\/uploads\/2011\/08\/P1520010_DxO-150x150.jpg\" width=\"150\" height=\"150\" alt=\"\" \/><\/a>\r\n<\/dt><\/dl><dl class=\"gallery-item\">\n<dt class=\"gallery-icon\">\r\n<a href=\"http:\/\/alain.lemaitreandco.fr\/blog\/wp-content\/uploads\/2011\/08\/P1520011_DxO-800x450.jpg\" title=\"\" rel=\"gallery1\"><img src=\"http:\/\/alain.lemaitreandco.fr\/blog\/wp-content\/uploads\/2011\/08\/P1520011_DxO-150x150.jpg\" width=\"150\" height=\"150\" alt=\"\" \/><\/a>\r\n<\/dt><\/dl><dl class=\"gallery-item\">\n<dt class=\"gallery-icon\">\r\n<a href=\"http:\/\/alain.lemaitreandco.fr\/blog\/wp-content\/uploads\/2011\/08\/P1520012_DxO-800x450.jpg\" title=\"\" rel=\"gallery1\"><img src=\"http:\/\/alain.lemaitreandco.fr\/blog\/wp-content\/uploads\/2011\/08\/P1520012_DxO-150x150.jpg\" width=\"150\" height=\"150\" alt=\"\" \/><\/a>\r\n<\/dt><\/dl><br style=\"clear: both\" \/><dl class=\"gallery-item\">\n<dt class=\"gallery-icon\">\r\n<a href=\"http:\/\/alain.lemaitreandco.fr\/blog\/wp-content\/uploads\/2011\/08\/P1520014_DxO-800x450.jpg\" title=\"\" rel=\"gallery1\"><img src=\"http:\/\/alain.lemaitreandco.fr\/blog\/wp-content\/uploads\/2011\/08\/P1520014_DxO-150x150.jpg\" width=\"150\" height=\"150\" alt=\"\" \/><\/a>\r\n<\/dt><\/dl><dl class=\"gallery-item\">\n<dt class=\"gallery-icon\">\r\n<a href=\"http:\/\/alain.lemaitreandco.fr\/blog\/wp-content\/uploads\/2011\/08\/P1520015_DxO-337x600.jpg\" title=\"\" rel=\"gallery1\"><img src=\"http:\/\/alain.lemaitreandco.fr\/blog\/wp-content\/uploads\/2011\/08\/P1520015_DxO-150x150.jpg\" width=\"150\" height=\"150\" alt=\"\" \/><\/a>\r\n<\/dt><\/dl><dl class=\"gallery-item\">\n<dt class=\"gallery-icon\">\r\n<a href=\"http:\/\/alain.lemaitreandco.fr\/blog\/wp-content\/uploads\/2011\/08\/P1520016_DxO-336x600.jpg\" title=\"\" rel=\"gallery1\"><img src=\"http:\/\/alain.lemaitreandco.fr\/blog\/wp-content\/uploads\/2011\/08\/P1520016_DxO-150x150.jpg\" width=\"150\" height=\"150\" alt=\"\" \/><\/a>\r\n<\/dt><\/dl><br style=\"clear: both\" \/><dl class=\"gallery-item\">\n<dt class=\"gallery-icon\">\r\n<a href=\"http:\/\/alain.lemaitreandco.fr\/blog\/wp-content\/uploads\/2011\/08\/P1520017_DxO-337x600.jpg\" title=\"\" rel=\"gallery1\"><img src=\"http:\/\/alain.lemaitreandco.fr\/blog\/wp-content\/uploads\/2011\/08\/P1520017_DxO-150x150.jpg\" width=\"150\" height=\"150\" alt=\"\" \/><\/a>\r\n<\/dt><\/dl><dl class=\"gallery-item\">\n<dt class=\"gallery-icon\">\r\n<a href=\"http:\/\/alain.lemaitreandco.fr\/blog\/wp-content\/uploads\/2011\/08\/P1520018_DxO-800x450.jpg\" title=\"\" rel=\"gallery1\"><img src=\"http:\/\/alain.lemaitreandco.fr\/blog\/wp-content\/uploads\/2011\/08\/P1520018_DxO-150x150.jpg\" width=\"150\" height=\"150\" alt=\"\" \/><\/a>\r\n<\/dt><\/dl><dl class=\"gallery-item\">\n<dt class=\"gallery-icon\">\r\n<a href=\"http:\/\/alain.lemaitreandco.fr\/blog\/wp-content\/uploads\/2011\/08\/P1520019_DxO-800x450.jpg\" title=\"\" rel=\"gallery1\"><img src=\"http:\/\/alain.lemaitreandco.fr\/blog\/wp-content\/uploads\/2011\/08\/P1520019_DxO-150x150.jpg\" width=\"150\" height=\"150\" alt=\"\" \/><\/a>\r\n<\/dt><\/dl><br style=\"clear: both\" \/><dl class=\"gallery-item\">\n<dt class=\"gallery-icon\">\r\n<a href=\"http:\/\/alain.lemaitreandco.fr\/blog\/wp-content\/uploads\/2011\/08\/P1520020_DxO-337x600.jpg\" title=\"\" rel=\"gallery1\"><img src=\"http:\/\/alain.lemaitreandco.fr\/blog\/wp-content\/uploads\/2011\/08\/P1520020_DxO-150x150.jpg\" width=\"150\" height=\"150\" alt=\"\" \/><\/a>\r\n<\/dt><\/dl><dl class=\"gallery-item\">\n<dt class=\"gallery-icon\">\r\n<a href=\"http:\/\/alain.lemaitreandco.fr\/blog\/wp-content\/uploads\/2011\/08\/P1520021_DxO-800x450.jpg\" title=\"\" rel=\"gallery1\"><img src=\"http:\/\/alain.lemaitreandco.fr\/blog\/wp-content\/uploads\/2011\/08\/P1520021_DxO-150x150.jpg\" width=\"150\" height=\"150\" alt=\"\" \/><\/a>\r\n<\/dt><\/dl><dl class=\"gallery-item\">\n<dt class=\"gallery-icon\">\r\n<a href=\"http:\/\/alain.lemaitreandco.fr\/blog\/wp-content\/uploads\/2011\/08\/P1520022_DxO-337x600.jpg\" title=\"\" rel=\"gallery1\"><img src=\"http:\/\/alain.lemaitreandco.fr\/blog\/wp-content\/uploads\/2011\/08\/P1520022_DxO-150x150.jpg\" width=\"150\" height=\"150\" alt=\"\" \/><\/a>\r\n<\/dt><\/dl><br style=\"clear: both\" \/><dl class=\"gallery-item\">\n<dt class=\"gallery-icon\">\r\n<a href=\"http:\/\/alain.lemaitreandco.fr\/blog\/wp-content\/uploads\/2011\/08\/P1520023_DxO-800x450.jpg\" title=\"\" rel=\"gallery1\"><img src=\"http:\/\/alain.lemaitreandco.fr\/blog\/wp-content\/uploads\/2011\/08\/P1520023_DxO-150x150.jpg\" width=\"150\" height=\"150\" alt=\"\" \/><\/a>\r\n<\/dt><\/dl>\r\n\t\t\t<br style='clear: both' \/>\r\n\t\t<\/div>\n\n","protected":false},"excerpt":{"rendered":"<p>La f\u00eate du village avec ses danses folkloriques costum\u00e9es, son spectacle (voir photos d&rsquo;hier) s\u2019est poursuivie jusqu\u2019\u00e0 ce matin, \u00e0 notre d\u00e9part ! Il y a eu un feu d\u2019artifice (\u00e0 ce qu\u2019on m\u2019a dit, avec les bouchons d\u2019oreille je &hellip; <a class=\"more-link\" href=\"http:\/\/alain.lemaitreandco.fr\/blog\/2009\/06\/07\/de-belorado-a-ages-45e-jour\/\">Continue reading <span class=\"meta-nav\">&rarr;<\/span><\/a><\/p>\n","protected":false},"author":1,"featured_media":0,"comment_status":"open","ping_status":"open","sticky":false,"template":"","format":"standard","meta":[],"categories":[3],"tags":[10,9,47],"_links":{"self":[{"href":"http:\/\/alain.lemaitreandco.fr\/blog\/wp-json\/wp\/v2\/posts\/1097"}],"collection":[{"href":"http:\/\/alain.lemaitreandco.fr\/blog\/wp-json\/wp\/v2\/posts"}],"about":[{"href":"http:\/\/alain.lemaitreandco.fr\/blog\/wp-json\/wp\/v2\/types\/post"}],"author":[{"embeddable":true,"href":"http:\/\/alain.lemaitreandco.fr\/blog\/wp-json\/wp\/v2\/users\/1"}],"replies":[{"embeddable":true,"href":"http:\/\/alain.lemaitreandco.fr\/blog\/wp-json\/wp\/v2\/comments?post=1097"}],"version-history":[{"count":1,"href":"http:\/\/alain.lemaitreandco.fr\/blog\/wp-json\/wp\/v2\/posts\/1097\/revisions"}],"predecessor-version":[{"id":1120,"href":"http:\/\/alain.lemaitreandco.fr\/blog\/wp-json\/wp\/v2\/posts\/1097\/revisions\/1120"}],"wp:attachment":[{"href":"http:\/\/alain.lemaitreandco.fr\/blog\/wp-json\/wp\/v2\/media?parent=1097"}],"wp:term":[{"taxonomy":"category","embeddable":true,"href":"http:\/\/alain.lemaitreandco.fr\/blog\/wp-json\/wp\/v2\/categories?post=1097"},{"taxonomy":"post_tag","embeddable":true,"href":"http:\/\/alain.lemaitreandco.fr\/blog\/wp-json\/wp\/v2\/tags?post=1097"}],"curies":[{"name":"wp","href":"https:\/\/api.w.org\/{rel}","templated":true}]}}