{"id":1095,"date":"1991-06-22T22:40:53","date_gmt":"1991-06-22T20:40:53","guid":{"rendered":"http:\/\/alain.lemaitreandco.fr\/blog\/?p=1095"},"modified":"2011-08-08T20:38:11","modified_gmt":"2011-08-08T18:38:11","slug":"draguignan-menton","status":"publish","type":"post","link":"http:\/\/alain.lemaitreandco.fr\/blog\/1991\/06\/22\/draguignan-menton\/","title":{"rendered":"Draguignan &#8211; Menton"},"content":{"rendered":"<p>Dur! Dur! Nous \u00e9prouvons quelques difficult\u00e9s \u00e0 \u00e9merger du sommeil apr\u00e8s une trop courte nuit et la fatigue qui s\u2019accumule. Nos muscles contractur\u00e9s nous conf\u00e8rent des allures d\u2019automates.<\/p>\n<p>Jean-Marie s\u2019emploie \u00e0 produire de l\u2019eau chaude pour notre th\u00e9, \u00e0 l\u2019aide de la cafeti\u00e8re expresso aimablement mise \u00e0 notre disposition par nos amis cyclos.<\/p>\n<p>Avant de partir, nous replions les lits install\u00e9s sp\u00e9cialement pour nous et rangeons la vaisselle.<\/p>\n<p>Nous postons la carte attestant de notre passage, carte que Jean-Marie prom\u00e8ne dans sa sacoche depuis le brevet de 200 km libell\u00e9e au nom des \u00ab\u00a0Amis de V\u00e9locio\u00a0\u00bb d\u2019Epinal!<\/p>\n<p>Il fait frais, mais le relief jusqu\u2019\u00e0 GRASSE (km 862) nous donne l\u2019occasion de nous r\u00e9chauffer. Nous faisons une halte restauration dans la Cit\u00e9 des Parfums et filons en roue libre jusqu\u2019\u00e0 CROS DE CAGNE durant pr\u00e8s de 20 km. Peu avant ROQUEFORT-LES-PINS, un automobiliste m\u00e9prisant se replie vivement devant nous pour se garer \u00e0 droite sans souci pour notre s\u00e9curit\u00e9. Alain et Jean-Marie le remercie en termes fleuris.<\/p>\n<div id=\"attachment_1888\" style=\"width: 310px\" class=\"wp-caption alignright\"><a href=\"http:\/\/alain.lemaitreandco.fr\/blog\/1991\/06\/22\/draguignan-menton\/hm22\/\" rel=\"attachment wp-att-1888\"><img aria-describedby=\"caption-attachment-1888\" loading=\"lazy\" class=\"size-medium wp-image-1888\" title=\"hm22\" src=\"http:\/\/alain.lemaitreandco.fr\/blog\/wp-content\/uploads\/1991\/06\/hm22-300x203.jpg\" alt=\"\" width=\"300\" height=\"203\" srcset=\"http:\/\/alain.lemaitreandco.fr\/blog\/wp-content\/uploads\/1991\/06\/hm22-300x203.jpg 300w, http:\/\/alain.lemaitreandco.fr\/blog\/wp-content\/uploads\/1991\/06\/hm22.jpg 800w\" sizes=\"(max-width: 300px) 100vw, 300px\" \/><\/a><p id=\"caption-attachment-1888\" class=\"wp-caption-text\">Le Col de Villefranche est franchi...<\/p><\/div>\n<p>Voici NICE (km 900). Le ciel couvert se confond avec la mer dans un m\u00eame ton de gris. Nous abordons la Promenade des Anglais en conqu\u00e9rants. La circulation y est assez dense. Sur les all\u00e9es de bord de mer, les sportifs r\u00e9solus s\u2019appliquent \u00e0 leurs exercices quotidiens.<\/p>\n<p>Nous approchons du but et sommes maintenant quasi assur\u00e9s d\u2019y arriver. Nous sirotons un Perrier \u00e0 la terrasse d\u2019un caf\u00e9, peu soucieux de l\u2019heure. Nous montons le COL de VILLEFRANCHE et atteignons la Moyenne Corniche.<\/p>\n<p>Les v\u00e9t\u00e9rans conc\u00e8dent \u00e0 Marie le privil\u00e8ge de poster la carte-contr\u00f4le \u00e0 EZE o\u00f9 nous flemmardons devant nos verres. Les touristes vont et viennent autour de nous. La patrouille de France virevolte dans le ciel. Les nuages se succ\u00e8dent en volutes moelleuses. La qui\u00e9tude nous envahit. Jean-Marie adoss\u00e9 \u00e0 un platane se laisse aller dans les bras de Morph\u00e9e.<\/p>\n<p>Les villas accroch\u00e9es aux pentes rocailleuses se dorent au chaud soleil de la C\u00f4te d\u2019Azur et les bougainvill\u00e9es r\u00e9pandent en cascades leurs fleurs rouge violac\u00e9.<\/p>\n<div id=\"attachment_1889\" style=\"width: 310px\" class=\"wp-caption alignleft\"><a href=\"http:\/\/alain.lemaitreandco.fr\/blog\/1991\/06\/22\/draguignan-menton\/hm23\/\" rel=\"attachment wp-att-1889\"><img aria-describedby=\"caption-attachment-1889\" loading=\"lazy\" class=\"size-medium wp-image-1889\" title=\"hm23\" src=\"http:\/\/alain.lemaitreandco.fr\/blog\/wp-content\/uploads\/1991\/06\/hm23-300x202.jpg\" alt=\"\" width=\"300\" height=\"202\" srcset=\"http:\/\/alain.lemaitreandco.fr\/blog\/wp-content\/uploads\/1991\/06\/hm23-300x202.jpg 300w, http:\/\/alain.lemaitreandco.fr\/blog\/wp-content\/uploads\/1991\/06\/hm23.jpg 800w\" sizes=\"(max-width: 300px) 100vw, 300px\" \/><\/a><p id=\"caption-attachment-1889\" class=\"wp-caption-text\">Heureux ! Menton n&#39;est plus qu&#39;\u00e0 quelques encablures<\/p><\/div>\n<p>Encore quelques efforts et voici la plong\u00e9e sur MENTON. Avant d\u2019entrer dans la ville, nous nous photographions mutuellement devant le magnifique panorama qui s\u2019\u00e9tale \u00e0 nos pieds.<\/p>\n<p>Voici le commissariat. Il est midi juste. Le policier au guichet l\u00e8ve \u00e0 peine le nez. \u201cC\u2019est pour le visa final, nous venons d\u2019HENDAYE!\u201d d\u00e9clarons nous en tendant nos carnets. Cela ne le perturbe pas du tout. Coup de tampon. \u201cMerci\u201d!<\/p>\n<p>Une bonne douche au commissariat nous rend pr\u00e9sentables et nous allons nous restaurer chez \u00ab\u00a0Paulo\u00a0\u00bb de la part de \u00ab\u00a0Patrick\u00a0\u00bb, l\u2019agent tamponneur. Gr\u00e2ce \u00e0 ce mot de passe, la ma\u00eetresse des lieux est aux petits soins. Moules marini\u00e8res, a\u00efoli pour Jean-Marie et Marie et civet pour Alain, le tout arros\u00e9 de C\u00f4te de Provence bien frais.<\/p>\n<p>Nous sommes tout \u00e0 la joie d\u2019\u00eatre parvenus au terme de notre randonn\u00e9e et envoyons nombre de cartes postales pour le faire savoir \u00e0 nos familles et \u00e0 nos amis.<\/p>\n<p>&nbsp;<\/p>\n<p>R\u00e9exp\u00e9dition des v\u00e9los qui vont encore transiter par Paris, ainsi que nous l\u2019indique d\u00e9sol\u00e9 le pr\u00e9pos\u00e9 aux bagages, auquel \u00e9chappe la subtilit\u00e9 des d\u00e9cisions technobureaucratiques de sa lointaine direction nationale. Nous quittons MENTON par le train aux alentours de 17 heures.<\/p>\n<p>A NICE, nous d\u00e9posons nos affaires \u00e0 la consigne et allons nous balader en attendant de reprendre le chemin de la Lorraine.<\/p>\n<p>Nous entrons dans une \u00e9glise o\u00f9 l\u2019on c\u00e9l\u00e8bre la messe. L\u2019organiste se d\u00e9cha\u00eene aux claviers, servant Bach de fort belle mani\u00e8re.<\/p>\n<p>Repas rapide pr\u00e8s de la gare et nous embarquons. Il est 20 heures 25, le train s\u2019\u00e9branle.<\/p>\n<p>Sur le quai de la gare de NANCY, Bruno et Michel, tous deux Diagonalistes nous attendent peut-\u00eatre un peu nostalgiques. Nous passons par la Place des Vosges saluer nos amis de l\u2019ASPTT NANCY, pr\u00eats pour la sortie dominicale.<\/p>\n<p>Il nous semble qu\u2019un monde nous s\u00e9pare d\u2019eux, tant nous sommes encore dans le r\u00eave, la t\u00eate pleine de notre merveilleuse aventure.<\/p>\n<p><a href=\"http:\/\/alain.lemaitreandco.fr\/blog\/1991\/06\/22\/draguignan-menton\/hm24\/\" rel=\"attachment wp-att-1890\"><img loading=\"lazy\" width=\"800\" height=\"535\" class=\"alignleft size-full wp-image-1890\" title=\"hm24\" src=\"http:\/\/alain.lemaitreandco.fr\/blog\/wp-content\/uploads\/1991\/06\/hm24.jpg\" alt=\"\" srcset=\"http:\/\/alain.lemaitreandco.fr\/blog\/wp-content\/uploads\/1991\/06\/hm24.jpg 800w, http:\/\/alain.lemaitreandco.fr\/blog\/wp-content\/uploads\/1991\/06\/hm24-300x200.jpg 300w\" sizes=\"(max-width: 800px) 100vw, 800px\" \/><\/a><\/p>\n","protected":false},"excerpt":{"rendered":"<p>Dur! Dur! Nous \u00e9prouvons quelques difficult\u00e9s \u00e0 \u00e9merger du sommeil apr\u00e8s une trop courte nuit et la fatigue qui s\u2019accumule. Nos muscles contractur\u00e9s nous conf\u00e8rent des allures d\u2019automates. Jean-Marie s\u2019emploie \u00e0 produire de l\u2019eau chaude pour notre th\u00e9, \u00e0 l\u2019aide &hellip; <a class=\"more-link\" href=\"http:\/\/alain.lemaitreandco.fr\/blog\/1991\/06\/22\/draguignan-menton\/\">Continue reading <span class=\"meta-nav\">&rarr;<\/span><\/a><\/p>\n","protected":false},"author":1,"featured_media":0,"comment_status":"open","ping_status":"open","sticky":false,"template":"","format":"standard","meta":[],"categories":[11,12],"tags":[48,13],"_links":{"self":[{"href":"http:\/\/alain.lemaitreandco.fr\/blog\/wp-json\/wp\/v2\/posts\/1095"}],"collection":[{"href":"http:\/\/alain.lemaitreandco.fr\/blog\/wp-json\/wp\/v2\/posts"}],"about":[{"href":"http:\/\/alain.lemaitreandco.fr\/blog\/wp-json\/wp\/v2\/types\/post"}],"author":[{"embeddable":true,"href":"http:\/\/alain.lemaitreandco.fr\/blog\/wp-json\/wp\/v2\/users\/1"}],"replies":[{"embeddable":true,"href":"http:\/\/alain.lemaitreandco.fr\/blog\/wp-json\/wp\/v2\/comments?post=1095"}],"version-history":[{"count":1,"href":"http:\/\/alain.lemaitreandco.fr\/blog\/wp-json\/wp\/v2\/posts\/1095\/revisions"}],"predecessor-version":[{"id":1096,"href":"http:\/\/alain.lemaitreandco.fr\/blog\/wp-json\/wp\/v2\/posts\/1095\/revisions\/1096"}],"wp:attachment":[{"href":"http:\/\/alain.lemaitreandco.fr\/blog\/wp-json\/wp\/v2\/media?parent=1095"}],"wp:term":[{"taxonomy":"category","embeddable":true,"href":"http:\/\/alain.lemaitreandco.fr\/blog\/wp-json\/wp\/v2\/categories?post=1095"},{"taxonomy":"post_tag","embeddable":true,"href":"http:\/\/alain.lemaitreandco.fr\/blog\/wp-json\/wp\/v2\/tags?post=1095"}],"curies":[{"name":"wp","href":"https:\/\/api.w.org\/{rel}","templated":true}]}}