{"id":1093,"date":"1991-06-20T22:36:52","date_gmt":"1991-06-20T20:36:52","guid":{"rendered":"http:\/\/alain.lemaitreandco.fr\/blog\/?p=1093"},"modified":"2011-08-08T20:06:47","modified_gmt":"2011-08-08T18:06:47","slug":"vic-fezensac-clermont-l%e2%80%99herault","status":"publish","type":"post","link":"http:\/\/alain.lemaitreandco.fr\/blog\/1991\/06\/20\/vic-fezensac-clermont-l%e2%80%99herault\/","title":{"rendered":"Vic-Fezensac &#8211; Clermont-l\u2019H\u00e9rault"},"content":{"rendered":"<p>A 3 h 15, nous sortons des limbes du sommeil sans trop de difficult\u00e9. \u201cIl pleut\u201d s\u2019\u00e9crie Jean-Marie. Nous pensons \u00e0 une averse. On ne va pas s\u2019affoler pour si peu. Le petit-d\u00e9jeuner est vite aval\u00e9. Nous rassemblons nos affaires et allons chercher les v\u00e9los de l\u2019autre c\u00f4t\u00e9 de la rue.<\/p>\n<p>La pluie tombe en gouttes serr\u00e9s. Il nous para\u00eet sage de mettre les Goretex. Jean-Marie qui s\u2019est encombr\u00e9 le moins possible, n\u2019a que son coupe-vent. Des sacs en plastique font office de sur-chaussures et en avant!<\/p>\n<p>Il fait tr\u00e8s noir. Pour sortir de VIC-FEZENSAC il nous faut gravir une cote, et jusqu\u2019\u00e0 AUCH, il n\u2019y a que \u00e7a. Nous ne voyons pas grand chose du chef lieu du Gers dont nous n\u2019apercevons que la cath\u00e9drale gothique.<\/p>\n<p>A GIMONT (km 263), nous passons sous une ancienne halle en bois. L\u2019horizon est totalement bouch\u00e9. La visibilit\u00e9 est r\u00e9duite. La pluie commence \u00e0 s\u2019infiltrer dans nos v\u00eatements. Nous sommes heureux d\u2019atteindre L\u2019ISLE-JOURDAIN (Km 281) pour avaler p\u00e2tisseries et th\u00e9 et trouver ainsi un peu de r\u00e9confort. Les g\u00e2teaux sont meilleurs que l\u2019accueil de la boulang\u00e8re! Au caf\u00e9 nous laissons de belles flaques d\u2019eau sous nos chaises. Jean-Marie essore tout ce qu\u2019il peut. Alain opte pour la cape et laisse son Goretex \u00e0 Jean-Marie, l\u2019impr\u00e9voyant.<\/p>\n<div id=\"attachment_1874\" style=\"width: 310px\" class=\"wp-caption alignleft\"><a href=\"http:\/\/alain.lemaitreandco.fr\/blog\/1991\/06\/20\/vic-fezensac-clermont-l%e2%80%99herault\/hm06\/\" rel=\"attachment wp-att-1874\"><img aria-describedby=\"caption-attachment-1874\" loading=\"lazy\" class=\"size-medium wp-image-1874\" title=\"hm06\" src=\"http:\/\/alain.lemaitreandco.fr\/blog\/wp-content\/uploads\/1991\/06\/hm06-300x203.jpg\" alt=\"\" width=\"300\" height=\"203\" srcset=\"http:\/\/alain.lemaitreandco.fr\/blog\/wp-content\/uploads\/1991\/06\/hm06-300x203.jpg 300w, http:\/\/alain.lemaitreandco.fr\/blog\/wp-content\/uploads\/1991\/06\/hm06-800x541.jpg 800w, http:\/\/alain.lemaitreandco.fr\/blog\/wp-content\/uploads\/1991\/06\/hm06.jpg 1761w\" sizes=\"(max-width: 300px) 100vw, 300px\" \/><\/a><p id=\"caption-attachment-1874\" class=\"wp-caption-text\">Aussonne<\/p><\/div>\n<p>Les paysages ne retiennent pas notre attention. Nous p\u00e9dalons t\u00eate baiss\u00e9e, silencieux, cramponn\u00e9s \u00e0 nos guidons, jetant parfois un regard r\u00e9sign\u00e9 aux cohortes de nuages noirs d\u00e9versant sur nous toute l\u2019eau du ciel.<\/p>\n<p>Le charmant petit village d\u2019AUSSONNE, avec ses constructions de brique signale l\u2019approche de TOULOUSE que nous \u00e9vitons. En effet, Alain, notre capitaine de route, sur les instances de Jean-Marie, a d\u00e9nich\u00e9 un itin\u00e9raire plus agr\u00e9able par le nord qui nous permet d\u2019\u00e9chapper aux probl\u00e8mes de circulation inh\u00e9rents aux grandes cit\u00e9s urbaines.<\/p>\n<p>Coup de tampon tr\u00e8s humide \u00e0 SEILH (km 308). La pluie ralentit notre progression et nous avons un peu de retard sur nos pr\u00e9visions.<\/p>\n<p>Alain suit attentivement la carte car les panneaux indicateurs sont rares.<\/p>\n<p>A GRATENTOUR (km 316) il faut prendre \u00e0 gauche ce que nous allions oublier de faire. Nous changeons de cap subitement. Devant nous un mur. Vite adapter les bons d\u00e9veloppements. Nos muscles et nos articulations sont raidis dans nos v\u00eatements tremp\u00e9s. Marie ressent une vive douleur au genou gauche cons\u00e9cutive \u00e0 l\u2019effort brutal. Sans rien dire \u00e0 ses compagnons, elle poursuit son chemin. Son moral vient d\u2019en prendre un coup. La douleur s\u2019irradie partout \u00e0 tel point qu\u2019elle demande un arr\u00eat pharmacie. Le synthol devrait soulager le mal.<\/p>\n<div id=\"attachment_1875\" style=\"width: 310px\" class=\"wp-caption alignright\"><a href=\"http:\/\/alain.lemaitreandco.fr\/blog\/1991\/06\/20\/vic-fezensac-clermont-l%e2%80%99herault\/hm07\/\" rel=\"attachment wp-att-1875\"><img aria-describedby=\"caption-attachment-1875\" loading=\"lazy\" class=\"size-medium wp-image-1875\" title=\"hm07\" src=\"http:\/\/alain.lemaitreandco.fr\/blog\/wp-content\/uploads\/1991\/06\/hm07-300x205.jpg\" alt=\"\" width=\"300\" height=\"205\" srcset=\"http:\/\/alain.lemaitreandco.fr\/blog\/wp-content\/uploads\/1991\/06\/hm07-300x205.jpg 300w, http:\/\/alain.lemaitreandco.fr\/blog\/wp-content\/uploads\/1991\/06\/hm07.jpg 800w\" sizes=\"(max-width: 300px) 100vw, 300px\" \/><\/a><p id=\"caption-attachment-1875\" class=\"wp-caption-text\">Labastide-Rouairoux<\/p><\/div>\n<p>A PUYLAURENS (km 371) nous d\u00e9jeunons au restaurant Logis de France o\u00f9 Alain avait pris la d\u00e9cision en 1989 d\u2019abandonner la Diagonale HENDAYE- MENTON encha\u00een\u00e9e \u00e0 la suite de DUNKERQUE-HENDAYE. Etait-ce un mauvais pr\u00e9sage? Le synthol se r\u00e9v\u00e9lant parfaitement inefficace, Marie se demande combien de temps encore elle tiendra.<\/p>\n<p>Nous sommes archi mouill\u00e9s. Jean-Marie se met \u00e0 tordre consciencieusement ses chaussettes et ses gants dans un cendrier. Marie verse promptement le liquide gris\u00e2tre dans le pot de fleurs voisin. Ben quoi? nous sommes bien \u00e9lev\u00e9s! Notre man\u00e8ge ne semble pas \u00eatre remarqu\u00e9 par les clients.<\/p>\n<p>Remonter sur le v\u00e9lo est un supplice pour Marie. En serrant les dents, elle embo\u00eete la roue de ses \u00e9quipiers.<\/p>\n<p>Nous approchons de la Montagne Noire, majestueuse, superbe \u00e9crin de verdure de MAZAMET (km 406).<\/p>\n<p>Nouvel arr\u00eat pharmacie. \u201cPercutalgine en ampoules, s\u2019il vous pla\u00eet\u201d supplie Marie avec l\u2019autorit\u00e9 du d\u00e9sespoir. La vendeuse h\u00e9site \u00e0 fournir ce cortico\u00efde d\u00e9livr\u00e9 sur ordonnance, puis compatissante, conc\u00e8de le pr\u00e9cieux liquide. Application imm\u00e9diate d\u2019une premi\u00e8re ampoule.<\/p>\n<p>Nous allons contr\u00f4ler dans un caf\u00e9. Jean-Marie, inquiet pour Marie, ne comprend pas son ent\u00eatement \u00e0 poursuivre dans de telles conditions. Alain prudent n\u2019intervient pas.<\/p>\n<p>Nous avons 1 h 30 de retard. Seconde ampoule. Il ne pleut presque plus.<\/p>\n<p>Allez, on continue !<\/p>\n<p>Pass\u00e9 le COL de la FENILLE (480 m), nous entrons dans l\u2019H\u00e9rault. Le ciel est moins gris. A ST-PONS-DE-THOMIERES, il n\u2019a pas plu du tout. Nous abordons la Vall\u00e9e du Pi\u00e9mont. Autour de nous des cerisiers aux branches lourdement charg\u00e9es offrent \u00e0 notre tentation leurs fruits bien m\u00fbrs. Mais nous n\u2019y c\u00e9derons pas.<\/p>\n<div id=\"attachment_1876\" style=\"width: 310px\" class=\"wp-caption alignleft\"><a href=\"http:\/\/alain.lemaitreandco.fr\/blog\/1991\/06\/20\/vic-fezensac-clermont-l%e2%80%99herault\/hm08\/\" rel=\"attachment wp-att-1876\"><img aria-describedby=\"caption-attachment-1876\" loading=\"lazy\" class=\"size-medium wp-image-1876 \" title=\"hm08\" src=\"http:\/\/alain.lemaitreandco.fr\/blog\/wp-content\/uploads\/1991\/06\/hm08-300x202.jpg\" alt=\"\" width=\"300\" height=\"202\" srcset=\"http:\/\/alain.lemaitreandco.fr\/blog\/wp-content\/uploads\/1991\/06\/hm08-300x202.jpg 300w, http:\/\/alain.lemaitreandco.fr\/blog\/wp-content\/uploads\/1991\/06\/hm08.jpg 800w\" sizes=\"(max-width: 300px) 100vw, 300px\" \/><\/a><p id=\"caption-attachment-1876\" class=\"wp-caption-text\">Dans l&#39;H\u00e9rault<\/p><\/div>\n<p>Nous roulons \u00e0 bonne allure entre les Monts de l\u2019Espinouse, partie m\u00e9ridionale du Massif Central. La ti\u00e9deur ambiante nous lib\u00e8re peu \u00e0 peu de notre carcan d\u2019humidit\u00e9 et profite au genou de Marie devenu un peu moins douloureux.<\/p>\n<p>Les terres rouges des environs de BEDARIEUX (km 487) sont plus arides. Les gen\u00eats en fleurs \u00e9clairent la garrigue et embaument d\u00e9licieusement l\u2019air. Une belle descente sur CLERMONT-L\u2019HERAULT (km 517) nous r\u00e9compense des efforts consentis durant cette journ\u00e9e. Nous arrivons \u00e0 l\u2019H\u00f4tel Terminus avec seulement 10 mm de retard sur notre programme. Le patron d\u00e9bord\u00e9 tarde \u00e0 nous fournir la douche bienfaisante. Le repas s\u2019\u00e9ternise. Les clients nombreux h\u00e8lent sans cesse le serveur qui ne sait plus o\u00f9 se tourner.<\/p>\n<p>Nous tombons de fatigue apr\u00e8s cette longue \u00e9tape de 309 km.<\/p>\n<p>&nbsp;<\/p>\n","protected":false},"excerpt":{"rendered":"<p>A 3 h 15, nous sortons des limbes du sommeil sans trop de difficult\u00e9. \u201cIl pleut\u201d s\u2019\u00e9crie Jean-Marie. Nous pensons \u00e0 une averse. On ne va pas s\u2019affoler pour si peu. Le petit-d\u00e9jeuner est vite aval\u00e9. Nous rassemblons nos affaires &hellip; <a class=\"more-link\" href=\"http:\/\/alain.lemaitreandco.fr\/blog\/1991\/06\/20\/vic-fezensac-clermont-l%e2%80%99herault\/\">Continue reading <span class=\"meta-nav\">&rarr;<\/span><\/a><\/p>\n","protected":false},"author":1,"featured_media":0,"comment_status":"open","ping_status":"open","sticky":false,"template":"","format":"standard","meta":[],"categories":[11,12],"tags":[48,13],"_links":{"self":[{"href":"http:\/\/alain.lemaitreandco.fr\/blog\/wp-json\/wp\/v2\/posts\/1093"}],"collection":[{"href":"http:\/\/alain.lemaitreandco.fr\/blog\/wp-json\/wp\/v2\/posts"}],"about":[{"href":"http:\/\/alain.lemaitreandco.fr\/blog\/wp-json\/wp\/v2\/types\/post"}],"author":[{"embeddable":true,"href":"http:\/\/alain.lemaitreandco.fr\/blog\/wp-json\/wp\/v2\/users\/1"}],"replies":[{"embeddable":true,"href":"http:\/\/alain.lemaitreandco.fr\/blog\/wp-json\/wp\/v2\/comments?post=1093"}],"version-history":[{"count":1,"href":"http:\/\/alain.lemaitreandco.fr\/blog\/wp-json\/wp\/v2\/posts\/1093\/revisions"}],"predecessor-version":[{"id":1877,"href":"http:\/\/alain.lemaitreandco.fr\/blog\/wp-json\/wp\/v2\/posts\/1093\/revisions\/1877"}],"wp:attachment":[{"href":"http:\/\/alain.lemaitreandco.fr\/blog\/wp-json\/wp\/v2\/media?parent=1093"}],"wp:term":[{"taxonomy":"category","embeddable":true,"href":"http:\/\/alain.lemaitreandco.fr\/blog\/wp-json\/wp\/v2\/categories?post=1093"},{"taxonomy":"post_tag","embeddable":true,"href":"http:\/\/alain.lemaitreandco.fr\/blog\/wp-json\/wp\/v2\/tags?post=1093"}],"curies":[{"name":"wp","href":"https:\/\/api.w.org\/{rel}","templated":true}]}}