{"id":1092,"date":"1991-06-19T22:34:22","date_gmt":"1991-06-19T20:34:22","guid":{"rendered":"http:\/\/alain.lemaitreandco.fr\/blog\/?p=1092"},"modified":"2011-08-08T19:59:33","modified_gmt":"2011-08-08T17:59:33","slug":"hendaye-vic-fezensac","status":"publish","type":"post","link":"http:\/\/alain.lemaitreandco.fr\/blog\/1991\/06\/19\/hendaye-vic-fezensac\/","title":{"rendered":"Hendaye &#8211; Vic-Fezensac"},"content":{"rendered":"<p>R\u00e9veil spontan\u00e9 vers 6 h 30 . Nous ne partons qu\u2019\u00e0 10 h cela nous laisse le temps de nous pr\u00e9parer doucement.<\/p>\n<p>Nous prenons le petit-d\u00e9jeuner tr\u00e8s chiche qui nous est servi dans une vaisselle suspecte. Une magnifique bestiole dot\u00e9e de pattes d\u00e9mesur\u00e9es se pr\u00e9lasse au fond de la tasse de Marie. Trop c\u2019est trop! Nous d\u00e9campons de cet endroit sans plus attendre et nous rendons au \u00ab\u00a0Caf\u00e9 de la Poste\u00a0\u00bb caler nos estomacs avec d\u2019excellents \u00ab\u00a0Br\u00e9siliens\u00a0\u00bb (feuillet\u00e9s \u00e0 la framboise). Nous effectuons quelques courses pour le repas de midi.<\/p>\n<p>Ayant de l\u2019avance, nous faisons un petit tour jusqu\u2019\u00e0 Hendaye-Plage, avant d\u2019aller faire viser nos carnets de route au commissariat. Les formalit\u00e9s accomplies, nous posons tous trois sur fond d\u2019Oc\u00e9an.<\/p>\n<p>Le ciel est nuageux, il fait assez doux.<\/p>\n<p>Il est l\u2019heure. \u201cBonne route\u201d nous lancent les gardiens de la Paix.<\/p>\n<p>C\u2019est parti pour 940 km.<\/p>\n<p>Nous longeons la Corniche Basque jusqu\u2019\u00e0 ST-JEAN-DE-LUZ dont les maisons blanches aux volets rouges semblent pos\u00e9es dans la verdure comme dans un d\u00e9cor de maquettiste.<\/p>\n<div id=\"attachment_1871\" style=\"width: 310px\" class=\"wp-caption alignleft\"><a href=\"http:\/\/alain.lemaitreandco.fr\/blog\/1991\/06\/19\/hendaye-vic-fezensac\/hm03\/\" rel=\"attachment wp-att-1871\"><img aria-describedby=\"caption-attachment-1871\" loading=\"lazy\" class=\"size-medium wp-image-1871\" title=\"hm03\" src=\"http:\/\/alain.lemaitreandco.fr\/blog\/wp-content\/uploads\/1991\/06\/hm03-300x204.jpg\" alt=\"\" width=\"300\" height=\"204\" srcset=\"http:\/\/alain.lemaitreandco.fr\/blog\/wp-content\/uploads\/1991\/06\/hm03-300x204.jpg 300w, http:\/\/alain.lemaitreandco.fr\/blog\/wp-content\/uploads\/1991\/06\/hm03.jpg 800w\" sizes=\"(max-width: 300px) 100vw, 300px\" \/><\/a><p id=\"caption-attachment-1871\" class=\"wp-caption-text\">Nous longeons l&#39;Adour et les Gaves R\u00e9unis<\/p><\/div>\n<p>A BAYONNE (km 35), nous exp\u00e9dions notre premi\u00e8re carte-contr\u00f4le. Nous suivons le cours paisible de l\u2019Adour, puis des Gaves R\u00e9unis sur la rive gauche par une charmante petite route bord\u00e9e en alternance de champs de ma\u00efs et de kiwis qui intriguent Alain avec leurs petits fruits bruns pendants.<\/p>\n<p>Halte d\u00e9jeuner \u00e0 PEYREHORADE (km 67) non loin des restes d\u2019un beau ch\u00e2teau du XVI\u00e8me si\u00e8cle. Nous pique-niquons au bord du Gave de Pau, d\u00e9vorant \u00e0 pleines dents le poulet r\u00f4ti achet\u00e9 \u00e0 HENDAYE. Alain et Jean-Marie, un brin sarcastiques, r\u00e9v\u00e8lent \u00e0 Marie \u00e0 la fin de la d\u00e9gustation que le poulet recelait un locataire ind\u00e9sirable commun\u00e9ment appel\u00e9 asticot.<\/p>\n<p>Nous reprenons notre route. Le paysage est plus vallonn\u00e9. Au loin les sommets enneig\u00e9s des Pyr\u00e9n\u00e9es \u00e9mergent des nuages. Les arums et les roses \u00e9gayent notre parcours jusqu\u2019\u00e0 POMAREZ (km 95), capitale de la Course Landaise et du foie gras de canard, si l\u2019on en croit le panneau appos\u00e9 \u00e0 l\u2019entr\u00e9e de la cit\u00e9.<\/p>\n<div id=\"attachment_1872\" style=\"width: 310px\" class=\"wp-caption alignright\"><a href=\"http:\/\/alain.lemaitreandco.fr\/blog\/1991\/06\/19\/hendaye-vic-fezensac\/hm04\/\" rel=\"attachment wp-att-1872\"><img aria-describedby=\"caption-attachment-1872\" loading=\"lazy\" class=\"size-medium wp-image-1872\" title=\"hm04\" src=\"http:\/\/alain.lemaitreandco.fr\/blog\/wp-content\/uploads\/1991\/06\/hm04-300x204.jpg\" alt=\"\" width=\"300\" height=\"204\" srcset=\"http:\/\/alain.lemaitreandco.fr\/blog\/wp-content\/uploads\/1991\/06\/hm04-300x204.jpg 300w, http:\/\/alain.lemaitreandco.fr\/blog\/wp-content\/uploads\/1991\/06\/hm04.jpg 800w\" sizes=\"(max-width: 300px) 100vw, 300px\" \/><\/a><p id=\"caption-attachment-1872\" class=\"wp-caption-text\">Peyrehorade<\/p><\/div>\n<p>Au caf\u00e9 o\u00f9 nous contr\u00f4lons, un autochtone racoleur nous certifie que le matin m\u00eame il y avait encore 4 800 canards au march\u00e9 local.<\/p>\n<p>Peu apr\u00e8s P\u00c9R\u00c9 (km 126), nous sommes re-p\u00e9r\u00e9s par Christian DIANDET de MONT-DE-MARSAN venu \u00e0 notre rencontre. Il nous fait un brin de conduite sur la rectiligne RN124. Notre rythme jusqu\u2019alors bien sage s\u2019acc\u00e9l\u00e8re et nous avons 20 bonnes minutes d\u2019avance sur notre horaire \u00e0 l\u2019entr\u00e9e d\u2019AIRE-SUR-ADOUR, deuxi\u00e8me capitale du foie gras. Christian nous quitte apr\u00e8s avoir inscrits quelques mots sur nos carnets de route.<\/p>\n<p>Nous en profitons pour effectuer les provisions n\u00e9cessaires au lendemain. Jean-Marie se nomme gardien des v\u00e9los et d\u00e9signe Alain et Marie comme coursiers titulaires.<\/p>\n<p>Nous arrivons dans le Gers qui n\u2019est pas plat du tout contrairement \u00e0 certaines id\u00e9es re\u00e7ues.<\/p>\n<p>Voici les vignobles et les noms \u00e9vocateurs de Floc et de St-Mont. NOGARO (km 176), capitale de l\u2019Armagnac, rappelle a Jean-Marie les bons souvenirs de la Semaine F\u00e9d\u00e9rale 1984.<\/p>\n<p>A 20 h 25, nous arrivons \u00e0 VIC-FEZENSAC (km 208), terme de notre premi\u00e8re \u00e9tape. L\u2019H\u00f4tel-Restaurant du Midi est sympathique. La patronne nous accueille aimablement. Les chambres sont agr\u00e9ables, dot\u00e9es de salles de bain et de bons lits. Nos v\u00e9los sont \u00e0 l\u2019abri dans une immense grange. Le repas servi est correct. La nuit est bonne.<\/p>\n<p>&nbsp;<\/p>\n","protected":false},"excerpt":{"rendered":"<p>R\u00e9veil spontan\u00e9 vers 6 h 30 . Nous ne partons qu\u2019\u00e0 10 h cela nous laisse le temps de nous pr\u00e9parer doucement. Nous prenons le petit-d\u00e9jeuner tr\u00e8s chiche qui nous est servi dans une vaisselle suspecte. Une magnifique bestiole dot\u00e9e &hellip; <a class=\"more-link\" href=\"http:\/\/alain.lemaitreandco.fr\/blog\/1991\/06\/19\/hendaye-vic-fezensac\/\">Continue reading <span class=\"meta-nav\">&rarr;<\/span><\/a><\/p>\n","protected":false},"author":1,"featured_media":0,"comment_status":"open","ping_status":"open","sticky":false,"template":"","format":"standard","meta":[],"categories":[11,12],"tags":[48,13],"_links":{"self":[{"href":"http:\/\/alain.lemaitreandco.fr\/blog\/wp-json\/wp\/v2\/posts\/1092"}],"collection":[{"href":"http:\/\/alain.lemaitreandco.fr\/blog\/wp-json\/wp\/v2\/posts"}],"about":[{"href":"http:\/\/alain.lemaitreandco.fr\/blog\/wp-json\/wp\/v2\/types\/post"}],"author":[{"embeddable":true,"href":"http:\/\/alain.lemaitreandco.fr\/blog\/wp-json\/wp\/v2\/users\/1"}],"replies":[{"embeddable":true,"href":"http:\/\/alain.lemaitreandco.fr\/blog\/wp-json\/wp\/v2\/comments?post=1092"}],"version-history":[{"count":1,"href":"http:\/\/alain.lemaitreandco.fr\/blog\/wp-json\/wp\/v2\/posts\/1092\/revisions"}],"predecessor-version":[{"id":1873,"href":"http:\/\/alain.lemaitreandco.fr\/blog\/wp-json\/wp\/v2\/posts\/1092\/revisions\/1873"}],"wp:attachment":[{"href":"http:\/\/alain.lemaitreandco.fr\/blog\/wp-json\/wp\/v2\/media?parent=1092"}],"wp:term":[{"taxonomy":"category","embeddable":true,"href":"http:\/\/alain.lemaitreandco.fr\/blog\/wp-json\/wp\/v2\/categories?post=1092"},{"taxonomy":"post_tag","embeddable":true,"href":"http:\/\/alain.lemaitreandco.fr\/blog\/wp-json\/wp\/v2\/tags?post=1092"}],"curies":[{"name":"wp","href":"https:\/\/api.w.org\/{rel}","templated":true}]}}